{"id":166689,"date":"2025-03-14T19:43:15","date_gmt":"2025-03-14T22:43:15","guid":{"rendered":"https:\/\/cdnoticias.com\/?p=166689"},"modified":"2025-03-15T09:12:21","modified_gmt":"2025-03-15T12:12:21","slug":"secuestraron-cocaina-y-marihuana-en-un-allanamiento-de-policia-federal-en-microcentro","status":"publish","type":"post","link":"https:\/\/cdnoticias.com\/index.php\/2025\/03\/14\/secuestraron-cocaina-y-marihuana-en-un-allanamiento-de-policia-federal-en-microcentro\/","title":{"rendered":"Secuestraron coca\u00edna y marihuana en un allanamiento de Polic\u00eda Federal en microcentro"},"content":{"rendered":"\n<p>Fue el pasado mi\u00e9rcoles, en un departamento en Dorrego y Moreno. Secuestraron varios elementos, entre ellos droga. Detuvieron a un hombre.<\/p>\n\n\n\n<hr class=\"wp-block-separator aligncenter has-alpha-channel-opacity\"\/>\n\n\n\n<p>El pasado mi\u00e9rcoles, <strong>personal de la Divisi\u00f3n Unidad Operativa Federal de Olavarr\u00eda realiz\u00f3 un allanamiento en un departamento en Microcentro, donde secuestr\u00f3 varios elementos, entre ellos coca\u00edna y marihuana. Hubo un imputado que termin\u00f3 detenido.<\/strong><\/p>\n\n\n\n<p><strong>Fue en un domicilio en Dorrego y Moreno<\/strong>, tras recibir una orden de allanamiento autorizada por el Juzgado de Garant\u00edas N\u00b02 de Olavarr\u00eda, a cargo del doctor Villamar\u00edn. <strong>La causa se origin\u00f3 en octubre de 2024 donde<em> \u201cse alertaba sobre la posible comercializaci\u00f3n de drogas en un domicilio de la ciudad\u201d.<\/em><\/strong><\/p>\n\n\n\n<p>Tras la investigaci\u00f3n de la Brigada de la Dependencia, los caminos condujeron a este lugar que fue allanado.<strong> Secuestraron tel\u00e9fonos celulares, dinero en efectivo y coca\u00edna y marihuana.<\/strong><\/p>\n\n\n\n<figure class=\"wp-block-image size-full\"><img data-recalc-dims=\"1\" loading=\"lazy\" decoding=\"async\" width=\"800\" height=\"480\" src=\"https:\/\/i0.wp.com\/cdnoticias.com\/wp-content\/uploads\/2025\/03\/allanamiento-federal3.jpg?resize=800%2C480&#038;ssl=1\" alt=\"\" class=\"wp-image-166690\" srcset=\"https:\/\/i0.wp.com\/cdnoticias.com\/wp-content\/uploads\/2025\/03\/allanamiento-federal3.jpg?w=1000&amp;ssl=1 1000w, https:\/\/i0.wp.com\/cdnoticias.com\/wp-content\/uploads\/2025\/03\/allanamiento-federal3.jpg?resize=300%2C180&amp;ssl=1 300w, https:\/\/i0.wp.com\/cdnoticias.com\/wp-content\/uploads\/2025\/03\/allanamiento-federal3.jpg?resize=768%2C461&amp;ssl=1 768w\" sizes=\"auto, (max-width: 800px) 100vw, 800px\" \/><\/figure>\n\n\n\n<p>El operativo fue catalogado como \u201cexitoso\u201d con<strong> el imputado detenido y el secuestro de los elementos claves para la investigaci\u00f3n.<\/strong><\/p>\n\n\n\n<p>El Ministerio de Seguridad Nacional <em>\u201creafirm\u00f3 su compromiso en la Provincia de Buenos Aires, en dar una constante lucha contra el narcotr\u00e1fico destacando la labor de la Polic\u00eda Federal Argentina en la detecci\u00f3n y desarticulaci\u00f3n de estas actividades il\u00edcitas\u201d<\/em> informaron.<\/p>\n","protected":false},"excerpt":{"rendered":"<p>Fue el pasado mi\u00e9rcoles, en un departamento en Dorrego y Moreno. Secuestraron varios elementos, entre ellos droga. Detuvieron a un<\/p>\n","protected":false},"author":2,"featured_media":166691,"comment_status":"closed","ping_status":"closed","sticky":false,"template":"","format":"standard","meta":{"_jetpack_memberships_contains_paid_content":false,"footnotes":""},"categories":[14,1],"tags":[],"class_list":["post-166689","post","type-post","status-publish","format-standard","has-post-thumbnail","hentry","category-policiales","category-portada"],"jetpack_featured_media_url":"https:\/\/i0.wp.com\/cdnoticias.com\/wp-content\/uploads\/2025\/03\/allanamiento-federal2.jpg?fit=1000%2C600&ssl=1","jetpack_sharing_enabled":true,"_links":{"self":[{"href":"https:\/\/cdnoticias.com\/index.php\/wp-json\/wp\/v2\/posts\/166689","targetHints":{"allow":["GET"]}}],"collection":[{"href":"https:\/\/cdnoticias.com\/index.php\/wp-json\/wp\/v2\/posts"}],"about":[{"href":"https:\/\/cdnoticias.com\/index.php\/wp-json\/wp\/v2\/types\/post"}],"author":[{"embeddable":true,"href":"https:\/\/cdnoticias.com\/index.php\/wp-json\/wp\/v2\/users\/2"}],"replies":[{"embeddable":true,"href":"https:\/\/cdnoticias.com\/index.php\/wp-json\/wp\/v2\/comments?post=166689"}],"version-history":[{"count":0,"href":"https:\/\/cdnoticias.com\/index.php\/wp-json\/wp\/v2\/posts\/166689\/revisions"}],"wp:featuredmedia":[{"embeddable":true,"href":"https:\/\/cdnoticias.com\/index.php\/wp-json\/wp\/v2\/media\/166691"}],"wp:attachment":[{"href":"https:\/\/cdnoticias.com\/index.php\/wp-json\/wp\/v2\/media?parent=166689"}],"wp:term":[{"taxonomy":"category","embeddable":true,"href":"https:\/\/cdnoticias.com\/index.php\/wp-json\/wp\/v2\/categories?post=166689"},{"taxonomy":"post_tag","embeddable":true,"href":"https:\/\/cdnoticias.com\/index.php\/wp-json\/wp\/v2\/tags?post=166689"}],"curies":[{"name":"wp","href":"https:\/\/api.w.org\/{rel}","templated":true}]}}