{"id":166684,"date":"2025-03-14T18:17:22","date_gmt":"2025-03-14T21:17:22","guid":{"rendered":"https:\/\/cdnoticias.com\/?p=166684"},"modified":"2025-03-14T19:43:42","modified_gmt":"2025-03-14T22:43:42","slug":"leve-suba-de-la-inflacion-fue-del-24-en-febrero","status":"publish","type":"post","link":"https:\/\/cdnoticias.com\/index.php\/2025\/03\/14\/leve-suba-de-la-inflacion-fue-del-24-en-febrero\/","title":{"rendered":"Leve suba de la inflaci\u00f3n: fue del 2,4% en febrero"},"content":{"rendered":"\n<p>Apenas subi\u00f3 0,2% con respecto a enero. En lo que va de 2025 lleva 4,7%, mientras que la interanual alcanz\u00f3 el 66,9%. Una familia necesit\u00f3 1.057.923,42 para no caer debajo de la l\u00ednea de la pobreza.<\/p>\n\n\n\n<hr class=\"wp-block-separator aligncenter has-alpha-channel-opacity\"\/>\n\n\n\n<p>El Instituto Nacional de Estad\u00edstica y Censos (INDEC) inform\u00f3 este viernes que el <strong>\u00cdndice de Precios al Consumidor (IPC) de febrero registr\u00f3 un aumento del 2,4%, con una leve aceleraci\u00f3n respecto al 2,2% de enero. En lo que va del a\u00f1o, la inflaci\u00f3n acumulada alcanza el 4,7%, mientras que la variaci\u00f3n interanual trep\u00f3 al 66,9%.<\/strong><\/p>\n\n\n\n<p>El rubro que m\u00e1s subi\u00f3 en febrero fue<strong> Vivienda, agua, electricidad, gas y otros combustibles (3,7%), impulsado por el aumento en alquileres y tarifas.<\/strong> Le sigui\u00f3 Alimentos y bebidas no alcoh\u00f3licas (3,2%), principalmente por el encarecimiento de carnes y derivados, que impact\u00f3 en todas las regiones del pa\u00eds.<\/p>\n\n\n\n<p>Por regiones, <strong>la Patagonia tuvo la mayor suba mensual (3,2%), mientras que el Noreste fue la de menor incremento (1,9%). La Regi\u00f3n Pampeana y el Gran Buenos Aires, donde se concentran los distritos bonaerenses, se ubicaron en 2,5% y 2,2% respectivamente.<\/strong><\/p>\n\n\n\n<p>En t\u00e9rminos de ingresos<strong>, una familia tipo necesit\u00f3 $1.057.923,42 para no caer en la pobreza, un 2,3% m\u00e1s que en enero y un 53,1% m\u00e1s en la comparaci\u00f3n interanual. <\/strong>En tanto, la l\u00ednea de indigencia para un hogar de cuatro personas se ubic\u00f3 en $468.108, mientras que una persona adulta necesit\u00f3 $151.491 para cubrir la Canasta B\u00e1sica Alimentaria.<\/p>\n","protected":false},"excerpt":{"rendered":"<p>Apenas subi\u00f3 0,2% con respecto a enero. En lo que va de 2025 lleva 4,7%, mientras que la interanual alcanz\u00f3<\/p>\n","protected":false},"author":2,"featured_media":70315,"comment_status":"closed","ping_status":"closed","sticky":false,"template":"","format":"standard","meta":{"_jetpack_memberships_contains_paid_content":false,"footnotes":""},"categories":[6,1],"tags":[],"class_list":["post-166684","post","type-post","status-publish","format-standard","has-post-thumbnail","hentry","category-nacionales","category-portada"],"jetpack_featured_media_url":"https:\/\/i0.wp.com\/cdnoticias.com\/wp-content\/uploads\/2022\/11\/DIB-canasta-precios-supermercado.jpg?fit=690%2C384&ssl=1","jetpack_sharing_enabled":true,"_links":{"self":[{"href":"https:\/\/cdnoticias.com\/index.php\/wp-json\/wp\/v2\/posts\/166684","targetHints":{"allow":["GET"]}}],"collection":[{"href":"https:\/\/cdnoticias.com\/index.php\/wp-json\/wp\/v2\/posts"}],"about":[{"href":"https:\/\/cdnoticias.com\/index.php\/wp-json\/wp\/v2\/types\/post"}],"author":[{"embeddable":true,"href":"https:\/\/cdnoticias.com\/index.php\/wp-json\/wp\/v2\/users\/2"}],"replies":[{"embeddable":true,"href":"https:\/\/cdnoticias.com\/index.php\/wp-json\/wp\/v2\/comments?post=166684"}],"version-history":[{"count":0,"href":"https:\/\/cdnoticias.com\/index.php\/wp-json\/wp\/v2\/posts\/166684\/revisions"}],"wp:featuredmedia":[{"embeddable":true,"href":"https:\/\/cdnoticias.com\/index.php\/wp-json\/wp\/v2\/media\/70315"}],"wp:attachment":[{"href":"https:\/\/cdnoticias.com\/index.php\/wp-json\/wp\/v2\/media?parent=166684"}],"wp:term":[{"taxonomy":"category","embeddable":true,"href":"https:\/\/cdnoticias.com\/index.php\/wp-json\/wp\/v2\/categories?post=166684"},{"taxonomy":"post_tag","embeddable":true,"href":"https:\/\/cdnoticias.com\/index.php\/wp-json\/wp\/v2\/tags?post=166684"}],"curies":[{"name":"wp","href":"https:\/\/api.w.org\/{rel}","templated":true}]}}