{"id":166663,"date":"2025-03-14T18:18:50","date_gmt":"2025-03-14T21:18:50","guid":{"rendered":"https:\/\/cdnoticias.com\/?p=166663"},"modified":"2025-03-14T18:18:54","modified_gmt":"2025-03-14T21:18:54","slug":"el-festival-cervecero-san-patricio-llega-al-parque-helios-eseverri","status":"publish","type":"post","link":"https:\/\/cdnoticias.com\/index.php\/2025\/03\/14\/el-festival-cervecero-san-patricio-llega-al-parque-helios-eseverri\/","title":{"rendered":"El Festival Cervecero \u201cSan Patricio\u201d llega al Parque Helios Eseverri"},"content":{"rendered":"\n<p>Ser\u00e1 este s\u00e1bado desde las 17 horas con la presencia de cerveceros locales y una grilla art\u00edstica musical para disfrutar de una tarde distinta.&nbsp;<\/p>\n\n\n\n<hr class=\"wp-block-separator aligncenter has-alpha-channel-opacity\"\/>\n\n\n\n<p>Este <strong>s\u00e1bado desde las 17 horas<\/strong> se llevar\u00e1 a cabo el <strong>Festival Cervecero \u201cSan Patricio\u201d <\/strong>en el <strong>Parque Helios Eseverri.\u00a0<\/strong><\/p>\n\n\n\n<p><\/p>\n\n\n\n<p>El evento contar\u00e1 con <strong>cerveceros locales<\/strong> y con una<strong> variada grilla de artistas<\/strong> que acompa\u00f1ar\u00e1n con mucha m\u00fasica toda la jornada.\u00a0<\/p>\n\n\n\n<p><\/p>\n\n\n\n<p>Los <strong>productores locales<\/strong> que estar\u00e1n presentes ser\u00e1n <strong>Sur de Sur, Monos Sabios, Kabbalah, Rab, Del Fondo y Fenchel.\u00a0<\/strong><\/p>\n\n\n\n<p><\/p>\n\n\n\n<p><strong>Grilla completa de artistas musicales&nbsp;<\/strong><\/p>\n\n\n\n<ul class=\"wp-block-list\">\n<li>18 horas: DJ Juan Fleitas.<\/li>\n\n\n\n<li>19 horas: La Rockera<\/li>\n\n\n\n<li>20 horas: Yani Capponi (viol\u00edn m\u00fasica irlandesa)<\/li>\n\n\n\n<li>21 horas: C-4 Tributo a Los Piojos<\/li>\n\n\n\n<li>23 horas: Forasteros<\/li>\n\n\n\n<li>00:30 horas: DJ Agust\u00edn Senger<\/li>\n<\/ul>\n","protected":false},"excerpt":{"rendered":"<p>Ser\u00e1 este s\u00e1bado desde las 17 horas con la presencia de cerveceros locales y una grilla art\u00edstica musical para disfrutar<\/p>\n","protected":false},"author":6,"featured_media":166664,"comment_status":"closed","ping_status":"closed","sticky":false,"template":"","format":"standard","meta":{"_jetpack_memberships_contains_paid_content":false,"footnotes":""},"categories":[9,1],"tags":[],"class_list":["post-166663","post","type-post","status-publish","format-standard","has-post-thumbnail","hentry","category-cultura","category-portada"],"jetpack_featured_media_url":"https:\/\/i0.wp.com\/cdnoticias.com\/wp-content\/uploads\/2025\/03\/festival-cervecero-san-patricio.png?fit=880%2C513&ssl=1","jetpack_sharing_enabled":true,"_links":{"self":[{"href":"https:\/\/cdnoticias.com\/index.php\/wp-json\/wp\/v2\/posts\/166663","targetHints":{"allow":["GET"]}}],"collection":[{"href":"https:\/\/cdnoticias.com\/index.php\/wp-json\/wp\/v2\/posts"}],"about":[{"href":"https:\/\/cdnoticias.com\/index.php\/wp-json\/wp\/v2\/types\/post"}],"author":[{"embeddable":true,"href":"https:\/\/cdnoticias.com\/index.php\/wp-json\/wp\/v2\/users\/6"}],"replies":[{"embeddable":true,"href":"https:\/\/cdnoticias.com\/index.php\/wp-json\/wp\/v2\/comments?post=166663"}],"version-history":[{"count":0,"href":"https:\/\/cdnoticias.com\/index.php\/wp-json\/wp\/v2\/posts\/166663\/revisions"}],"wp:featuredmedia":[{"embeddable":true,"href":"https:\/\/cdnoticias.com\/index.php\/wp-json\/wp\/v2\/media\/166664"}],"wp:attachment":[{"href":"https:\/\/cdnoticias.com\/index.php\/wp-json\/wp\/v2\/media?parent=166663"}],"wp:term":[{"taxonomy":"category","embeddable":true,"href":"https:\/\/cdnoticias.com\/index.php\/wp-json\/wp\/v2\/categories?post=166663"},{"taxonomy":"post_tag","embeddable":true,"href":"https:\/\/cdnoticias.com\/index.php\/wp-json\/wp\/v2\/tags?post=166663"}],"curies":[{"name":"wp","href":"https:\/\/api.w.org\/{rel}","templated":true}]}}