{"id":166641,"date":"2025-03-15T09:11:39","date_gmt":"2025-03-15T12:11:39","guid":{"rendered":"https:\/\/cdnoticias.com\/?p=166641"},"modified":"2025-03-15T10:06:57","modified_gmt":"2025-03-15T13:06:57","slug":"enzo-potes-es-un-desafio-profesional-y-personal","status":"publish","type":"post","link":"https:\/\/cdnoticias.com\/index.php\/2025\/03\/15\/enzo-potes-es-un-desafio-profesional-y-personal\/","title":{"rendered":"Enzo Potes: \u201ces un desaf\u00edo profesional y personal\u201d"},"content":{"rendered":"\n<p>El joven olavarriense fue elegido como presidente de la Fundaci\u00f3n Julio Bocca. Su trabajo y los objetivos a futuro.<\/p>\n\n\n\n<hr class=\"wp-block-separator has-alpha-channel-opacity\"\/>\n\n\n\n<p>Enzo Potes Pouyanne es olavarriense y recientemente fue elegido como <strong>nuevo presidente de la Fundaci\u00f3n Julio Bocca.<\/strong><\/p>\n\n\n\n<p><\/p>\n\n\n\n<p>\u201cLa verdad que fue una sorpresa, hace m\u00e1s de 8 a\u00f1os que estoy en la Fundaci\u00f3n colaborando y de golpe y sorpresa me dijeron \u2018queremos que seas nuestro flamante presidente\u201d, cont\u00f3 Potes en di\u00e1logo con <strong>Levantate (Radio Sapiens).<\/strong><\/p>\n\n\n\n<p><\/p>\n\n\n\n<p>A sus 25 a\u00f1os, Potes consider\u00f3 la oportunidad como \u201cun desaf\u00edo profesional y personal\u201d y cont\u00f3 que sus tareas implican una gran responsabilidad: <strong>\u201cdesde coordinar maestros hasta hablar con las empresas privadas y ver funcionarios p\u00fablicos\u201d.<\/strong><\/p>\n\n\n\n<p><\/p>\n\n\n\n<p>La Fundaci\u00f3n Julio Bocca \u201ctiene el objetivo y la misi\u00f3n de capacitar a aquellos j\u00f3venes, a aquellos ni\u00f1os que quieren introducirse en la danza y en el teatro musical\u201d, cont\u00f3 el flamante presidente.<\/p>\n\n\n\n<p><\/p>\n\n\n\n<p><strong>Fundada hace 26 a\u00f1os por el maestro Julio Bocca<\/strong> cuenta con \u201cuna metodolog\u00eda y un m\u00e9todo de ense\u00f1anza \u00fanico que \u00e9l fue adquiriendo durante su trayectoria y nosotros tratamos de ense\u00f1arla a todo aquel que viene a la fundaci\u00f3n o que estudia en <strong>Artedanza<\/strong> (uno de los primeros estudios homologados del interior del pa\u00eds) ya que nosotros les proveemos el m\u00e9todo del maestro Julio Bocca\u201d.<\/p>\n\n\n\n<p><\/p>\n\n\n\n<blockquote class=\"wp-block-quote is-layout-flow wp-block-quote-is-layout-flow\">\n<p>En ese sentido, Potes se\u00f1al\u00f3 que \u201ccomo joven profesional mi misi\u00f3n es mostrar que viniendo de abajo se puede llegar a puestos como este. Yo con 25 a\u00f1os, olavarriense, pude llegar. El mensaje es que estudien y lleguen ellos tambi\u00e9n\u201d.<\/p>\n<\/blockquote>\n\n\n\n<p><\/p>\n\n\n\n<p>\u201c<strong>Hay m\u00e1s de 60 estudios homologados distribuidos en todo el pa\u00eds. <\/strong>Vamos y venimos con el director y con algunos maestros con el objetivo de capacitarlos. Estamos en la integridad de toda la escuela, de todo el estudio homologado\u201d, agreg\u00f3.<\/p>\n\n\n\n<p><\/p>\n\n\n\n<p>Por \u00faltimo, expres\u00f3 que \u201ctengo el gran desaf\u00edo de generar todos los v\u00ednculos, de generar las estrategias y traer los peque\u00f1os inversores a la Fundaci\u00f3n Julio Bocca que es un gran, gran laburo, la verdad, porque recordemos que como toda fundaci\u00f3n necesitamos de aportes de privados para poder seguir brindando clases. <strong>Hoy estoy en eso, tratando de contactarme con empresas y contactarme con el Estado en lo posible para que nos ayuden a seguir ayudando<\/strong>\u201d.<\/p>\n","protected":false},"excerpt":{"rendered":"<p>El joven olavarriense fue elegido como presidente de la Fundaci\u00f3n Julio Bocca. Su trabajo y los objetivos a futuro. Enzo<\/p>\n","protected":false},"author":5,"featured_media":166396,"comment_status":"closed","ping_status":"closed","sticky":false,"template":"","format":"standard","meta":{"_jetpack_memberships_contains_paid_content":false,"footnotes":""},"categories":[9,1],"tags":[],"class_list":["post-166641","post","type-post","status-publish","format-standard","has-post-thumbnail","hentry","category-cultura","category-portada"],"jetpack_featured_media_url":"https:\/\/i0.wp.com\/cdnoticias.com\/wp-content\/uploads\/2025\/03\/enzo-potes.jpg?fit=780%2C500&ssl=1","jetpack_sharing_enabled":true,"_links":{"self":[{"href":"https:\/\/cdnoticias.com\/index.php\/wp-json\/wp\/v2\/posts\/166641","targetHints":{"allow":["GET"]}}],"collection":[{"href":"https:\/\/cdnoticias.com\/index.php\/wp-json\/wp\/v2\/posts"}],"about":[{"href":"https:\/\/cdnoticias.com\/index.php\/wp-json\/wp\/v2\/types\/post"}],"author":[{"embeddable":true,"href":"https:\/\/cdnoticias.com\/index.php\/wp-json\/wp\/v2\/users\/5"}],"replies":[{"embeddable":true,"href":"https:\/\/cdnoticias.com\/index.php\/wp-json\/wp\/v2\/comments?post=166641"}],"version-history":[{"count":0,"href":"https:\/\/cdnoticias.com\/index.php\/wp-json\/wp\/v2\/posts\/166641\/revisions"}],"wp:featuredmedia":[{"embeddable":true,"href":"https:\/\/cdnoticias.com\/index.php\/wp-json\/wp\/v2\/media\/166396"}],"wp:attachment":[{"href":"https:\/\/cdnoticias.com\/index.php\/wp-json\/wp\/v2\/media?parent=166641"}],"wp:term":[{"taxonomy":"category","embeddable":true,"href":"https:\/\/cdnoticias.com\/index.php\/wp-json\/wp\/v2\/categories?post=166641"},{"taxonomy":"post_tag","embeddable":true,"href":"https:\/\/cdnoticias.com\/index.php\/wp-json\/wp\/v2\/tags?post=166641"}],"curies":[{"name":"wp","href":"https:\/\/api.w.org\/{rel}","templated":true}]}}