{"id":166600,"date":"2025-03-13T20:10:50","date_gmt":"2025-03-13T23:10:50","guid":{"rendered":"https:\/\/cdnoticias.com\/?p=166600"},"modified":"2025-03-13T20:10:55","modified_gmt":"2025-03-13T23:10:55","slug":"se-viene-el-inicio-de-las-categorias-de-apps-en-el-autodromo","status":"publish","type":"post","link":"https:\/\/cdnoticias.com\/index.php\/2025\/03\/13\/se-viene-el-inicio-de-las-categorias-de-apps-en-el-autodromo\/","title":{"rendered":"Se viene el inicio de las categor\u00edas de APPS en el Aut\u00f3dromo"},"content":{"rendered":"\n<p>Habr\u00e1 varios regresos, saltos de la Promocional a la Monomarca y un interesante parque para la Copa Gol.<\/p>\n\n\n\n<hr class=\"wp-block-separator aligncenter has-alpha-channel-opacity\"\/>\n\n\n\n<p><em><strong>(Fotos: Gentileza Bandera a Cuadros)<\/strong><\/em><\/p>\n\n\n\n<p>En horas cerrar\u00e1 el per\u00edodo de inscripci\u00f3n para<strong> la primera fecha del campeonato 2025 de las Menores del Sudeste, que se disputar\u00e1 este fin de semana en el aut\u00f3dromo Hermanos Emiliozzi de Olavarr\u00eda.<\/strong><\/p>\n\n\n\n<p>Hasta el momento, <strong>la categor\u00eda con mayor parque automotor es la Monomarca 1100, que ya cuenta con 30 pilotos anotados.<\/strong> Entre ellos, destacan el regreso de<strong>l ex bicampe\u00f3n Juan Jos\u00e9 Cassou<\/strong>, el azule\u00f1o Nicol\u00e1s Matta y Hern\u00e1n Errobidart. Adem\u00e1s, la divisional tendr\u00e1 los debuts de Jes\u00fas Spinella, Xavier Gorostieta, los hermanos<strong> Leonel y Agust\u00edn Gelso de Chillar<\/strong>, Lucas Mend\u00eda, Santino Canozo, Santiago Leguizam\u00f3n (Roque P\u00e9rez) y Fausto Di Vito (Tres Arroyos).<\/p>\n\n\n\n<figure class=\"wp-block-image size-large\"><img data-recalc-dims=\"1\" loading=\"lazy\" decoding=\"async\" width=\"800\" height=\"450\" src=\"https:\/\/i0.wp.com\/cdnoticias.com\/wp-content\/uploads\/2025\/03\/apps-pruebas-olavarria2.jpg?resize=800%2C450&#038;ssl=1\" alt=\"\" class=\"wp-image-166603\" srcset=\"https:\/\/i0.wp.com\/cdnoticias.com\/wp-content\/uploads\/2025\/03\/apps-pruebas-olavarria2.jpg?resize=1024%2C576&amp;ssl=1 1024w, https:\/\/i0.wp.com\/cdnoticias.com\/wp-content\/uploads\/2025\/03\/apps-pruebas-olavarria2.jpg?resize=300%2C169&amp;ssl=1 300w, https:\/\/i0.wp.com\/cdnoticias.com\/wp-content\/uploads\/2025\/03\/apps-pruebas-olavarria2.jpg?resize=768%2C432&amp;ssl=1 768w, https:\/\/i0.wp.com\/cdnoticias.com\/wp-content\/uploads\/2025\/03\/apps-pruebas-olavarria2.jpg?w=1079&amp;ssl=1 1079w\" sizes=\"auto, (max-width: 800px) 100vw, 800px\" \/><\/figure>\n\n\n\n<p>Por su parte, <strong>la Promocional 1100 suma hasta el momento 20 inscriptos y contar\u00e1 con la incorporaci\u00f3n de Marcelo Echeverri, quien debutar\u00e1 con el ex Fiat 600 de Diego Tart\u00faferi.<\/strong><\/p>\n\n\n\n<figure class=\"wp-block-image size-large\"><img data-recalc-dims=\"1\" loading=\"lazy\" decoding=\"async\" width=\"800\" height=\"450\" src=\"https:\/\/i0.wp.com\/cdnoticias.com\/wp-content\/uploads\/2025\/03\/apps-pruebas-olavarria3.jpg?resize=800%2C450&#038;ssl=1\" alt=\"\" class=\"wp-image-166604\" srcset=\"https:\/\/i0.wp.com\/cdnoticias.com\/wp-content\/uploads\/2025\/03\/apps-pruebas-olavarria3.jpg?resize=1024%2C576&amp;ssl=1 1024w, https:\/\/i0.wp.com\/cdnoticias.com\/wp-content\/uploads\/2025\/03\/apps-pruebas-olavarria3.jpg?resize=300%2C169&amp;ssl=1 300w, https:\/\/i0.wp.com\/cdnoticias.com\/wp-content\/uploads\/2025\/03\/apps-pruebas-olavarria3.jpg?resize=768%2C432&amp;ssl=1 768w, https:\/\/i0.wp.com\/cdnoticias.com\/wp-content\/uploads\/2025\/03\/apps-pruebas-olavarria3.jpg?w=1079&amp;ssl=1 1079w\" sizes=\"auto, (max-width: 800px) 100vw, 800px\" \/><\/figure>\n\n\n\n<p>En tanto<strong>, la Copa Gol VW tendr\u00e1 la presencia del campe\u00f3n del Turismo Sport del Sudeste y de la Monomarca 1100, el sierrabayense Oscar Fornes, adem\u00e1s del debut de Juan Pablo Acevedo.<\/strong><\/p>\n\n\n\n<figure class=\"wp-block-image size-large\"><img data-recalc-dims=\"1\" loading=\"lazy\" decoding=\"async\" width=\"800\" height=\"450\" src=\"https:\/\/i0.wp.com\/cdnoticias.com\/wp-content\/uploads\/2025\/03\/apps-pruebas-olavarria.jpg?resize=800%2C450&#038;ssl=1\" alt=\"\" class=\"wp-image-166601\" srcset=\"https:\/\/i0.wp.com\/cdnoticias.com\/wp-content\/uploads\/2025\/03\/apps-pruebas-olavarria.jpg?resize=1024%2C576&amp;ssl=1 1024w, https:\/\/i0.wp.com\/cdnoticias.com\/wp-content\/uploads\/2025\/03\/apps-pruebas-olavarria.jpg?resize=300%2C169&amp;ssl=1 300w, https:\/\/i0.wp.com\/cdnoticias.com\/wp-content\/uploads\/2025\/03\/apps-pruebas-olavarria.jpg?resize=768%2C432&amp;ssl=1 768w, https:\/\/i0.wp.com\/cdnoticias.com\/wp-content\/uploads\/2025\/03\/apps-pruebas-olavarria.jpg?w=1079&amp;ssl=1 1079w\" sizes=\"auto, (max-width: 800px) 100vw, 800px\" \/><\/figure>\n\n\n\n<p>Durante la semana <strong>hubo varios pilotos que probaron en el aut\u00f3dromo para definir los \u00faltimos detalles.<\/strong><\/p>\n\n\n\n<p>Con los \u00faltimos lugares disponibles, se espera una primera fecha cargada de emociones y con un parque automotor competitivo en cada una de las categor\u00edas.<\/p>\n\n\n\n<p class=\"has-large-font-size\">INSCRIPTOS 1\u00b0 FECHA<\/p>\n\n\n\n<p>Copa Gol (14)<\/p>\n\n\n\n<p>2- Marotta, Leonardo<\/p>\n\n\n\n<p>3- Leonetti, Eddie<\/p>\n\n\n\n<p>5- Errobidart, Mat\u00edas<\/p>\n\n\n\n<p>6- Errobidart, Lucas<\/p>\n\n\n\n<p>7- Coniglio, Pablo<\/p>\n\n\n\n<p>9- Latorre, Emiliano<\/p>\n\n\n\n<p>10- Gisler, Aldo<\/p>\n\n\n\n<p>12- Saba, Mart\u00edn<\/p>\n\n\n\n<p>17- Direnso, Giorgio<\/p>\n\n\n\n<p>33- Fornes, Oscar<\/p>\n\n\n\n<p>56- Mantelli, Andres<\/p>\n\n\n\n<p>71- Godoy, Mat\u00edas<\/p>\n\n\n\n<p>86- Acevedo, Juan Pablo<\/p>\n\n\n\n<p>98- Quiles-Lapano<\/p>\n\n\n\n<p>Promocional (20)<\/p>\n\n\n\n<p>2- Fucci, Bernardo<\/p>\n\n\n\n<p>3- Serra, Manuel<\/p>\n\n\n\n<p>4- Gonz\u00e1lez, C\u00e9sar<\/p>\n\n\n\n<p>6- Mentasty, Manuel<\/p>\n\n\n\n<p>7- Latorre, Benjam\u00edn<\/p>\n\n\n\n<p>8- Benaglia, Mart\u00edn<\/p>\n\n\n\n<p>9- Pendas, Gustavo<\/p>\n\n\n\n<p>10- Macaluso, Carlos<\/p>\n\n\n\n<p>12- Benaglia, Mateo<\/p>\n\n\n\n<p>13- Eyherart, Ariel<\/p>\n\n\n\n<p>14- Messler, Facundo<\/p>\n\n\n\n<p>15- Nocetti, Facundo<\/p>\n\n\n\n<p>16- Gisler, Gonzalo<\/p>\n\n\n\n<p>17- Peralta, Walter<\/p>\n\n\n\n<p>19- Buonanduci, Alejandro<\/p>\n\n\n\n<p>22- Monferrer, Juan Carlos<\/p>\n\n\n\n<p>33- S\u00e1nchez, Leo<\/p>\n\n\n\n<p>119- Echeverri, Marcelo<\/p>\n\n\n\n<p>122- Marotta, Cristian<\/p>\n\n\n\n<p>137- Tart\u00faferi, Diego<\/p>\n\n\n\n<p>Monomarca (30)<\/p>\n\n\n\n<p>1- Riciutti, Esteban<\/p>\n\n\n\n<p>3- Cirioli, Leopoldo<\/p>\n\n\n\n<p>4- Juez, Emiliano<\/p>\n\n\n\n<p>6- Collodoro, Mart\u00edn<\/p>\n\n\n\n<p>7- Cardone, Facundo<\/p>\n\n\n\n<p>8- Alvarez, Facundo<\/p>\n\n\n\n<p>10- Nieves, Tomas<\/p>\n\n\n\n<p>11- Medina, Facundo<\/p>\n\n\n\n<p>12- Olivera, Mat\u00edas<\/p>\n\n\n\n<p>16- Rodr\u00edguez, Jorge<\/p>\n\n\n\n<p>19- Anderson, Jonathan<\/p>\n\n\n\n<p>22- Lebrero, Ricardo<\/p>\n\n\n\n<p>33- Beltramella, Sergio<\/p>\n\n\n\n<p>55- Marcilla, Alejandro<\/p>\n\n\n\n<p>57- G\u00f3mez, Ra\u00fal<\/p>\n\n\n\n<p>58- Valisi, Diego<\/p>\n\n\n\n<p>59- Cassou, Juan Jos\u00e9<\/p>\n\n\n\n<p>77- Gelso, Leo<\/p>\n\n\n\n<p>80- Matta, Nicol\u00e1s<\/p>\n\n\n\n<p>86- Mend\u00eda, Lucas<\/p>\n\n\n\n<p>88- Gallardo, Yonathan<\/p>\n\n\n\n<p>91- Di Vito, Fausto<\/p>\n\n\n\n<p>92- Canozo, Santino<\/p>\n\n\n\n<p>105- Su\u00e1rez, Oscar<\/p>\n\n\n\n<p>107- Gelso, Agust\u00edn<\/p>\n\n\n\n<p>111- Leguizam\u00f3n, Santiago<\/p>\n\n\n\n<p>114- Rossi, Dar\u00edo<\/p>\n\n\n\n<p>121- Errobidart, Hern\u00e1n<\/p>\n\n\n\n<p>188- Gorostieta, Xavier<\/p>\n\n\n\n<p>180- Spinella, Jes\u00fas<\/p>\n","protected":false},"excerpt":{"rendered":"<p>Habr\u00e1 varios regresos, saltos de la Promocional a la Monomarca y un interesante parque para la Copa Gol. (Fotos: Gentileza<\/p>\n","protected":false},"author":2,"featured_media":166602,"comment_status":"closed","ping_status":"closed","sticky":false,"template":"","format":"standard","meta":{"_jetpack_memberships_contains_paid_content":false,"footnotes":""},"categories":[34,29,1],"tags":[],"class_list":["post-166600","post","type-post","status-publish","format-standard","has-post-thumbnail","hentry","category-automovilismo","category-deportes","category-portada"],"jetpack_featured_media_url":"https:\/\/i0.wp.com\/cdnoticias.com\/wp-content\/uploads\/2025\/03\/apps-pruebas-olavarria1.jpg?fit=1079%2C607&ssl=1","jetpack_sharing_enabled":true,"_links":{"self":[{"href":"https:\/\/cdnoticias.com\/index.php\/wp-json\/wp\/v2\/posts\/166600","targetHints":{"allow":["GET"]}}],"collection":[{"href":"https:\/\/cdnoticias.com\/index.php\/wp-json\/wp\/v2\/posts"}],"about":[{"href":"https:\/\/cdnoticias.com\/index.php\/wp-json\/wp\/v2\/types\/post"}],"author":[{"embeddable":true,"href":"https:\/\/cdnoticias.com\/index.php\/wp-json\/wp\/v2\/users\/2"}],"replies":[{"embeddable":true,"href":"https:\/\/cdnoticias.com\/index.php\/wp-json\/wp\/v2\/comments?post=166600"}],"version-history":[{"count":0,"href":"https:\/\/cdnoticias.com\/index.php\/wp-json\/wp\/v2\/posts\/166600\/revisions"}],"wp:featuredmedia":[{"embeddable":true,"href":"https:\/\/cdnoticias.com\/index.php\/wp-json\/wp\/v2\/media\/166602"}],"wp:attachment":[{"href":"https:\/\/cdnoticias.com\/index.php\/wp-json\/wp\/v2\/media?parent=166600"}],"wp:term":[{"taxonomy":"category","embeddable":true,"href":"https:\/\/cdnoticias.com\/index.php\/wp-json\/wp\/v2\/categories?post=166600"},{"taxonomy":"post_tag","embeddable":true,"href":"https:\/\/cdnoticias.com\/index.php\/wp-json\/wp\/v2\/tags?post=166600"}],"curies":[{"name":"wp","href":"https:\/\/api.w.org\/{rel}","templated":true}]}}