{"id":166563,"date":"2025-03-14T08:40:42","date_gmt":"2025-03-14T11:40:42","guid":{"rendered":"https:\/\/cdnoticias.com\/?p=166563"},"modified":"2025-03-14T10:34:29","modified_gmt":"2025-03-14T13:34:29","slug":"mario-antista-reelecto-como-director-titular-en-feba","status":"publish","type":"post","link":"https:\/\/cdnoticias.com\/index.php\/2025\/03\/14\/mario-antista-reelecto-como-director-titular-en-feba\/","title":{"rendered":"Mario Antista, reelecto como director titular en FEBA"},"content":{"rendered":"<p>Fue este mi\u00e9rcoles en la asamblea de la Federaci\u00f3n Econ\u00f3mica de la Provincia de Buenos Aires. \u201cUn reconocimiento a su liderazgo y compromiso\u201d destac\u00f3 la C\u00e1mara Empresaria de Olavarr\u00eda.<!--more--><\/p>\n<hr \/>\n<p>El <strong>presidente de la C\u00e1mara Empresaria de Olavarr\u00eda, Mario Antista<\/strong>, fue nuevamente <strong>electo como director titular<\/strong> en la <strong>asamblea de la Federaci\u00f3n Econ\u00f3mica de la Provincia de Buenos Aires (FEBA)<\/strong> realizada este mi\u00e9rcoles.<\/p>\n<blockquote><p>\u201cEsta elecci\u00f3n es un reconocimiento a su liderazgo y compromiso con la comunidad empresarial de Olavarr\u00eda\u201d destac\u00f3 la C\u00e1mara Empresaria local al dar a conocer la informaci\u00f3n.<\/p><\/blockquote>\n<p>Asimismo, se resalt\u00f3 que <em>\u201cAntista sigue conformando el equipo directivo de la FEBA, que busca promover el desarrollo econ\u00f3mico y social de la provincia de Buenos Aires\u201d.<\/em><\/p>\n<p>La asamblea de la FEBA reuni\u00f3 a destacados l\u00edderes empresariales y autoridades de la provincia, y sent\u00f3 las <strong>bases para el trabajo conjunto y coordinado, de este a\u00f1o<\/strong>, en beneficio de la comunidad empresarial y la sociedad en general.<\/p>\n","protected":false},"excerpt":{"rendered":"<p>Fue este mi\u00e9rcoles en la asamblea de la Federaci\u00f3n Econ\u00f3mica de la Provincia de Buenos Aires. \u201cUn reconocimiento a su<\/p>\n","protected":false},"author":4,"featured_media":166564,"comment_status":"closed","ping_status":"closed","sticky":false,"template":"","format":"standard","meta":{"_jetpack_memberships_contains_paid_content":false,"footnotes":""},"categories":[4,1],"tags":[],"class_list":["post-166563","post","type-post","status-publish","format-standard","has-post-thumbnail","hentry","category-politica","category-portada"],"jetpack_featured_media_url":"https:\/\/i0.wp.com\/cdnoticias.com\/wp-content\/uploads\/2025\/03\/carlos-bianchi-mario-antista.jpg?fit=1035%2C576&ssl=1","jetpack_sharing_enabled":true,"_links":{"self":[{"href":"https:\/\/cdnoticias.com\/index.php\/wp-json\/wp\/v2\/posts\/166563","targetHints":{"allow":["GET"]}}],"collection":[{"href":"https:\/\/cdnoticias.com\/index.php\/wp-json\/wp\/v2\/posts"}],"about":[{"href":"https:\/\/cdnoticias.com\/index.php\/wp-json\/wp\/v2\/types\/post"}],"author":[{"embeddable":true,"href":"https:\/\/cdnoticias.com\/index.php\/wp-json\/wp\/v2\/users\/4"}],"replies":[{"embeddable":true,"href":"https:\/\/cdnoticias.com\/index.php\/wp-json\/wp\/v2\/comments?post=166563"}],"version-history":[{"count":0,"href":"https:\/\/cdnoticias.com\/index.php\/wp-json\/wp\/v2\/posts\/166563\/revisions"}],"wp:featuredmedia":[{"embeddable":true,"href":"https:\/\/cdnoticias.com\/index.php\/wp-json\/wp\/v2\/media\/166564"}],"wp:attachment":[{"href":"https:\/\/cdnoticias.com\/index.php\/wp-json\/wp\/v2\/media?parent=166563"}],"wp:term":[{"taxonomy":"category","embeddable":true,"href":"https:\/\/cdnoticias.com\/index.php\/wp-json\/wp\/v2\/categories?post=166563"},{"taxonomy":"post_tag","embeddable":true,"href":"https:\/\/cdnoticias.com\/index.php\/wp-json\/wp\/v2\/tags?post=166563"}],"curies":[{"name":"wp","href":"https:\/\/api.w.org\/{rel}","templated":true}]}}