{"id":166531,"date":"2025-03-14T08:36:02","date_gmt":"2025-03-14T11:36:02","guid":{"rendered":"https:\/\/cdnoticias.com\/?p=166531"},"modified":"2025-03-14T08:39:45","modified_gmt":"2025-03-14T11:39:45","slug":"martin-endere-visito-expoagro-y-se-reunio-con-el-intendente-santiago-passaglia","status":"publish","type":"post","link":"https:\/\/cdnoticias.com\/index.php\/2025\/03\/14\/martin-endere-visito-expoagro-y-se-reunio-con-el-intendente-santiago-passaglia\/","title":{"rendered":"Mart\u00edn Endere visit\u00f3 Expoagro y se reuni\u00f3 con el intendente Santiago Passaglia"},"content":{"rendered":"<p>El diputado provincial Mart\u00edn Endere visit\u00f3 el mi\u00e9rcoles en San Nicol\u00e1s la exposici\u00f3n y all\u00ed dialog\u00f3 con el intendente local.<!--more--><\/p>\n<hr \/>\n<p>El <strong>diputado provincial Mart\u00edn Endere<\/strong> visit\u00f3 este mi\u00e9rcoles <strong>en San Nicol\u00e1s<\/strong> la vig\u00e9simo quinta edici\u00f3n de la <strong>Expoagro 2025<\/strong>, la muestra anual agroindustrial m\u00e1s grande de la regi\u00f3n organizada por Exponenciar S.A.<\/p>\n<p>Durante la recorrida por la muestra, <strong>el legislador olavarriense mantuvo una reuni\u00f3n con el intendente local Santiago Passaglia y la senadora provincial Emilia Subiza.<\/strong><\/p>\n<p>Adem\u00e1s, junto a Subiza <strong>mantuvieron encuentros con representantes de las empresas Jhon Deere y <a href=\"https:\/\/cdnoticias.com\/index.php\/2023\/05\/15\/parque-eolico-en-olavarria-la-empresa-ternium-comenzara-el-montaje-en-junio\/\" target=\"_blank\" rel=\"noopener\">Ternium del Grupo Techint<\/a><\/strong><a href=\"_wp_link_placeholder\"> que est\u00e1 desarrollando un parque e\u00f3lico en la ciudad de Olavarr\u00eda.<\/a><\/p>\n<blockquote><p>\u201cExpoagro es una muestra m\u00e1s de la potencia que tiene el sector agroindustrial en la econom\u00eda nacional y provincial. A\u00f1o a a\u00f1o se pueden ver los avances y la innovaci\u00f3n tecnol\u00f3gica en maquinaria agr\u00edcola, insumo, ganader\u00eda y servicios\u201d, dijo Endere al finalizar la jornada.<\/p><\/blockquote>\n<p>Asimismo, el Diputado expres\u00f3: <strong>\u201cel sector necesita de un gobierno provincial que los acompa\u00f1e<\/strong> y los incentive en materia de inversiones y no les ponga el pie encima con m\u00e1s impuestos\u201d.<\/p>\n","protected":false},"excerpt":{"rendered":"<p>El diputado provincial Mart\u00edn Endere visit\u00f3 el mi\u00e9rcoles en San Nicol\u00e1s la exposici\u00f3n y all\u00ed dialog\u00f3 con el intendente local.<\/p>\n","protected":false},"author":4,"featured_media":166611,"comment_status":"closed","ping_status":"closed","sticky":false,"template":"","format":"standard","meta":{"_jetpack_memberships_contains_paid_content":false,"footnotes":""},"categories":[4,1],"tags":[],"class_list":["post-166531","post","type-post","status-publish","format-standard","has-post-thumbnail","hentry","category-politica","category-portada"],"jetpack_featured_media_url":"https:\/\/i0.wp.com\/cdnoticias.com\/wp-content\/uploads\/2025\/03\/martin-endere-expoagro-passaglia.jpeg?fit=1000%2C750&ssl=1","jetpack_sharing_enabled":true,"_links":{"self":[{"href":"https:\/\/cdnoticias.com\/index.php\/wp-json\/wp\/v2\/posts\/166531","targetHints":{"allow":["GET"]}}],"collection":[{"href":"https:\/\/cdnoticias.com\/index.php\/wp-json\/wp\/v2\/posts"}],"about":[{"href":"https:\/\/cdnoticias.com\/index.php\/wp-json\/wp\/v2\/types\/post"}],"author":[{"embeddable":true,"href":"https:\/\/cdnoticias.com\/index.php\/wp-json\/wp\/v2\/users\/4"}],"replies":[{"embeddable":true,"href":"https:\/\/cdnoticias.com\/index.php\/wp-json\/wp\/v2\/comments?post=166531"}],"version-history":[{"count":0,"href":"https:\/\/cdnoticias.com\/index.php\/wp-json\/wp\/v2\/posts\/166531\/revisions"}],"wp:featuredmedia":[{"embeddable":true,"href":"https:\/\/cdnoticias.com\/index.php\/wp-json\/wp\/v2\/media\/166611"}],"wp:attachment":[{"href":"https:\/\/cdnoticias.com\/index.php\/wp-json\/wp\/v2\/media?parent=166531"}],"wp:term":[{"taxonomy":"category","embeddable":true,"href":"https:\/\/cdnoticias.com\/index.php\/wp-json\/wp\/v2\/categories?post=166531"},{"taxonomy":"post_tag","embeddable":true,"href":"https:\/\/cdnoticias.com\/index.php\/wp-json\/wp\/v2\/tags?post=166531"}],"curies":[{"name":"wp","href":"https:\/\/api.w.org\/{rel}","templated":true}]}}