{"id":16653,"date":"2021-03-19T20:44:45","date_gmt":"2021-03-19T23:44:45","guid":{"rendered":"http:\/\/www.centraldenoticias.com.ar\/?p=16653"},"modified":"2021-03-20T10:10:48","modified_gmt":"2021-03-20T13:10:48","slug":"continua-la-campana-solidaria-para-poder-comprar-una-heladera-para-la-escuela-de-mapis","status":"publish","type":"post","link":"https:\/\/cdnoticias.com\/index.php\/2021\/03\/19\/continua-la-campana-solidaria-para-poder-comprar-una-heladera-para-la-escuela-de-mapis\/","title":{"rendered":"Contin\u00faa la campa\u00f1a solidaria para poder comprar una heladera para la Escuela de Mapis"},"content":{"rendered":"<p><em><strong>Central de Noticias<\/strong><\/em> dialog\u00f3 con la secretaria de la cooperadora del establecimiento educativo, quien tambi\u00e9n narr\u00f3 como es el d\u00eda a d\u00eda en la peque\u00f1a localidad.<!--more--><\/p>\n<hr \/>\n<p><em>Por <a href=\"https:\/\/twitter.com\/nachocerdera\" target=\"_blank\" rel=\"noopener\">Nacho Cerdera<\/a><\/em><\/p>\n<p><em>(Del staf de Central de Noticias)<\/em><\/p>\n<p>&nbsp;<\/p>\n<p><strong>\u201cEs una escuela de la cual todos estamos orgullosos\u201d<\/strong>. Mar\u00eda Marta Mallea es la secretaria de la Escuela 35 de Mapis, un establecimiento educativo que a\u00f1os atr\u00e1s gan\u00f3 renombre nacional a partir de la destacada participaci\u00f3n en un concurso nacional y que en los \u00faltimos d\u00edas tambi\u00e9n supo llegar a la portada de los medios del pa\u00eds, pero lamentablemente por algo no tan positivo, <a href=\"https:\/\/cdnoticias.com\/index.php\/2021\/03\/01\/una-escuela-rural-necesita-una-heladera-y-apela-a-la-comunidad\/\" target=\"_blank\" rel=\"noopener\">como lo es la necesidad de poder contar con una heladera.<\/a><\/p>\n<p>&nbsp;<\/p>\n<p><strong>\u201cPrimero contarte un poco para tener el contexto\u201d<\/strong>, inici\u00f3 su conversaci\u00f3n con <strong><em>Central de Noticias<\/em><\/strong>. Desde un primer momento supo que la campa\u00f1a solidaria para comprar una nueva heladera fue lo que motiv\u00f3 el llamado, pero no quiso limitar la conversaci\u00f3n a ese punto, sino que tambi\u00e9n quiso que se conozca y se valore la tarea diaria que desde hace a\u00f1os se lleva adelante en el edificio donde tambi\u00e9n funciona el Jard\u00edn de Infantes 402. <strong>En total son 14 alumnos y dos docentes<\/strong>, sobre las que deshizo en elogios.<\/p>\n<p>&nbsp;<\/p>\n<blockquote><p>El a\u00f1o pasado la directora quincenalmente ven\u00eda a entregar carpetas, ac\u00e1 los chicos no tienen tienen se\u00f1al. Entregaba una carpeta para cada chico, tranquera por tranquera, y as\u00ed pudieron seguir su escolaridad&#8221;, cont\u00f3<\/p><\/blockquote>\n<p>&nbsp;<\/p>\n<p><strong>Mapis se encuentra a unos 130 kil\u00f3metros de Olavarr\u00eda<\/strong>. Para poder llegar hay que hacer alrededor de 60 por la Ruta 226 y otros tantos por caminos de tierra, con todo lo que ello implica. Seg\u00fan el censo del 2010,<strong> son 143 los habitantes. \u201cDe eso tenemos la seguridad\u201d, bromea ya que junto a la directora de la Escuela, Silvana Arnaudo, fueron las censistas en aquel entonces.<\/strong><\/p>\n<p>&nbsp;<\/p>\n<p>El primer dato a tener a cuenta para conocer la complejidad de esta historia es que<strong> la localidad no cuenta con suministro el\u00e9ctrico<\/strong>. Ese servicio llega nom\u00e1s hasta Recalde, es decir a algo m\u00e1s de 20 kil\u00f3metros de distancia, por lo que los habitantes de la comunidad deben buscar otros recursos para abastecerse, como lo son los paneles solares o gas, con los pro y contra que tienen cada uno de ellos. La escuela cuenta con ambas para poder abastecer distintas necesidades.<\/p>\n<p>&nbsp;<\/p>\n<p>Otro dato a tener en cuenta para seguir entendiendo la historia es que <strong>debido a las distancias las docentes permanecen all\u00ed toda la semana. \u201cLlegan el lunes a la ma\u00f1ana y se van el viernes a la tarde\u201d<\/strong>, subray\u00f3 Mallea, quien puso el acento en que la falta de una heladera no fue motivo suficiente para postergar el inicio de clases, ya que las maestras trajeron una conservadora particular para poder salvar la situaci\u00f3n. \u201cVinieron con una conservadora de playa y los vecinos les llevamos agua fr\u00eda\u201d, agreg\u00f3.<\/p>\n<p>&nbsp;<\/p>\n<p><img data-recalc-dims=\"1\" loading=\"lazy\" decoding=\"async\" class=\"alignnone size-full wp-image-15038\" src=\"https:\/\/i0.wp.com\/cdnoticias.com\/wp-content\/uploads\/2021\/03\/mapis-escuela-35-foto-el-federal.jpg?resize=800%2C491&#038;ssl=1\" alt=\"\" width=\"800\" height=\"491\" srcset=\"https:\/\/i0.wp.com\/cdnoticias.com\/wp-content\/uploads\/2021\/03\/mapis-escuela-35-foto-el-federal.jpg?w=850&amp;ssl=1 850w, https:\/\/i0.wp.com\/cdnoticias.com\/wp-content\/uploads\/2021\/03\/mapis-escuela-35-foto-el-federal.jpg?resize=300%2C184&amp;ssl=1 300w, https:\/\/i0.wp.com\/cdnoticias.com\/wp-content\/uploads\/2021\/03\/mapis-escuela-35-foto-el-federal.jpg?resize=768%2C472&amp;ssl=1 768w\" sizes=\"auto, (max-width: 800px) 100vw, 800px\" \/><\/p>\n<p>&nbsp;<\/p>\n<p>\u201cDesde el a\u00f1o pasado andaba mal\u201d, narr\u00f3 a medida que daba cuenta que se trataba de una heladera a gas, precisamente por lo narrado previamente. \u201cEs una tecnolog\u00eda muy vieja\u201d continu\u00f3 y cont\u00f3 que en Argentina hay una sola f\u00e1brica que las produce.<strong> \u201cTermin\u00f3 de romperse en el mes de febrero. Se llev\u00f3 a Olavarr\u00eda y no tiene arreglo, cambiar el equipo de gas cuesta lo mismo que una nueva\u201d<\/strong>, precis\u00f3.<\/p>\n<p>&nbsp;<\/p>\n<p>La respuesta, o m\u00e1s bien la alternativa, lleg\u00f3 tras la consulta a t\u00e9cnicos en energ\u00eda solar, quienes <strong>aconsejaron la compra de una helader\u00eda con tecnolog\u00eda inverter<\/strong>, que optimiza el consumo, algo que desde la escuela se \u201ccuida como oro\u201d, seg\u00fan enfatiz\u00f3 Mallea a medida que narraba c\u00f3mo las docentes van cerrando llaves de paso o apagando luces, que por esta misma raz\u00f3n son todas Led.<\/p>\n<p>&nbsp;<\/p>\n<p><strong>La intenci\u00f3n es, una vez adquirida, poder abastecerla con la energ\u00eda conseguida por los paneles solares, un recurso cuyo almacenamiento va a comenzar a disminuir debido a la presencia del sol comienza a ser cada vez m\u00e1s corta y con menos fuerza<\/strong>. El gas, por su parte, seguir\u00e1 siendo destinado a calefactores, cocinas y termotanques, con el dato no menor que al no haber red todo se hace mediante garrafas que son tra\u00eddas por caminos que a veces se hacen intransitables por la lluvia y fr\u00edo, otro dato a merituar al momento de destinar recursos.<\/p>\n<p>&nbsp;<\/p>\n<p><img data-recalc-dims=\"1\" loading=\"lazy\" decoding=\"async\" class=\"alignnone size-full wp-image-16655\" src=\"https:\/\/i0.wp.com\/cdnoticias.com\/wp-content\/uploads\/2021\/03\/mapis.jpg?resize=800%2C600&#038;ssl=1\" alt=\"\" width=\"800\" height=\"600\" srcset=\"https:\/\/i0.wp.com\/cdnoticias.com\/wp-content\/uploads\/2021\/03\/mapis.jpg?w=800&amp;ssl=1 800w, https:\/\/i0.wp.com\/cdnoticias.com\/wp-content\/uploads\/2021\/03\/mapis.jpg?resize=300%2C225&amp;ssl=1 300w, https:\/\/i0.wp.com\/cdnoticias.com\/wp-content\/uploads\/2021\/03\/mapis.jpg?resize=768%2C576&amp;ssl=1 768w\" sizes=\"auto, (max-width: 800px) 100vw, 800px\" \/><\/p>\n<p>&nbsp;<\/p>\n<p>Toda la explicaci\u00f3n pero a\u00fan no llegamos al monto de este equipo, otras de las claves la situaci\u00f3n. El valor ronda los 100 mil pesos, \u201cpara la escuela imposible\u201d, reconoci\u00f3. Es por ello que se inici\u00f3 una campa\u00f1a solidaria que \u201cse fue de las manos\u201d. <strong>Quienes quieran ayudar pueden depositar dinero en la cuenta bancaria en Banco Provincia de la Asociaci\u00f3n Cooperadora Escuela N\u00b035 Cta Cte 6379-029919\/1 CBU 0140337201637900291918.<\/strong> \u201cFue muy emocionante, cuando una escuela rural es tan respetada y querida la gente no pregunta, pone la plata\u201d, subray\u00f3.<\/p>\n<p>&nbsp;<\/p>\n<p>Todav\u00eda no se lleg\u00f3 al monto necesario y tambi\u00e9n se aguarda por distintas gestiones realizadas ante el Consejo Escolar para poder adquirirla. Inclusive en las \u00faltimas horas <a href=\"https:\/\/cdnoticias.com\/index.php\/2021\/03\/19\/consejeros-escolares-del-frente-de-todos-pidieron-por-la-heladera-para-la-escuela-de-mapis\/\" target=\"_blank\" rel=\"noopener\">un grupo de consejeros present\u00f3 una iniciativa para poder comprarla<\/a>.<\/p>\n<p>&nbsp;<\/p>\n<p><strong>\u201cEs una escuela muy conocida y querida en la zona\u201d<\/strong>, concluy\u00f3. Tal es as\u00ed que en su relato explic\u00f3, por ejemplo, como las gestiones de docentes permiti\u00f3 que el Plan Fines llegue a la localidad y que varios adultos, trabajadores rurales en su mayor\u00eda, puedan culminar con sus estudios secundarios y como frutilla del postre que sean sus hijos quienes les entreguen el diploma, ya que todos integran la misma comunidad.<strong> \u201cEs una escuela que toda la vida ha respondido a la comunidad<\/strong>\u201d, concluy\u00f3.<\/p>\n<p>&nbsp;<\/p>\n<p><em><a href=\"https:\/\/www.instagram.com\/estacionmapis\/\" target=\"_blank\" rel=\"noopener\">Fotos Instagram Estaci\u00f3n Mapis<\/a><\/em><\/p>\n","protected":false},"excerpt":{"rendered":"<p>Central de Noticias dialog\u00f3 con la secretaria de la cooperadora del establecimiento educativo, quien tambi\u00e9n narr\u00f3 como es el d\u00eda<\/p>\n","protected":false},"author":3,"featured_media":16654,"comment_status":"closed","ping_status":"closed","sticky":false,"template":"","format":"standard","meta":{"_jetpack_memberships_contains_paid_content":false,"footnotes":""},"categories":[5,1],"tags":[],"class_list":["post-16653","post","type-post","status-publish","format-standard","has-post-thumbnail","hentry","category-informacion-general","category-portada"],"jetpack_featured_media_url":"https:\/\/i0.wp.com\/cdnoticias.com\/wp-content\/uploads\/2021\/03\/portada-mapis.jpg?fit=800%2C445&ssl=1","jetpack_sharing_enabled":true,"_links":{"self":[{"href":"https:\/\/cdnoticias.com\/index.php\/wp-json\/wp\/v2\/posts\/16653","targetHints":{"allow":["GET"]}}],"collection":[{"href":"https:\/\/cdnoticias.com\/index.php\/wp-json\/wp\/v2\/posts"}],"about":[{"href":"https:\/\/cdnoticias.com\/index.php\/wp-json\/wp\/v2\/types\/post"}],"author":[{"embeddable":true,"href":"https:\/\/cdnoticias.com\/index.php\/wp-json\/wp\/v2\/users\/3"}],"replies":[{"embeddable":true,"href":"https:\/\/cdnoticias.com\/index.php\/wp-json\/wp\/v2\/comments?post=16653"}],"version-history":[{"count":0,"href":"https:\/\/cdnoticias.com\/index.php\/wp-json\/wp\/v2\/posts\/16653\/revisions"}],"wp:featuredmedia":[{"embeddable":true,"href":"https:\/\/cdnoticias.com\/index.php\/wp-json\/wp\/v2\/media\/16654"}],"wp:attachment":[{"href":"https:\/\/cdnoticias.com\/index.php\/wp-json\/wp\/v2\/media?parent=16653"}],"wp:term":[{"taxonomy":"category","embeddable":true,"href":"https:\/\/cdnoticias.com\/index.php\/wp-json\/wp\/v2\/categories?post=16653"},{"taxonomy":"post_tag","embeddable":true,"href":"https:\/\/cdnoticias.com\/index.php\/wp-json\/wp\/v2\/tags?post=16653"}],"curies":[{"name":"wp","href":"https:\/\/api.w.org\/{rel}","templated":true}]}}