{"id":166493,"date":"2025-03-12T19:59:38","date_gmt":"2025-03-12T22:59:38","guid":{"rendered":"https:\/\/cdnoticias.com\/?p=166493"},"modified":"2025-03-12T19:59:42","modified_gmt":"2025-03-12T22:59:42","slug":"hilario-galli-deficit-oculto-es-encontrarte-con-30-toneladas-de-residuos-patogenicos-en-el-hospital","status":"publish","type":"post","link":"https:\/\/cdnoticias.com\/index.php\/2025\/03\/12\/hilario-galli-deficit-oculto-es-encontrarte-con-30-toneladas-de-residuos-patogenicos-en-el-hospital\/","title":{"rendered":"Hilario Galli: \u201cD\u00e9ficit oculto es encontrarte con 30 toneladas de residuos patog\u00e9nicos en el Hospital\u201d"},"content":{"rendered":"\n<p>El concejal PRO hizo retrospectiva de su gesti\u00f3n e indic\u00f3 que \u201cno se sinti\u00f3 se\u00f1alado\u201d por el balance realizado por el Jefe Comunal. Compar\u00f3 la \u201cherencia recibida\u201d de 2023 con 2015.<\/p>\n\n\n\n<hr class=\"wp-block-separator aligncenter has-alpha-channel-opacity\"\/>\n\n\n\n<p>Desde la bancada del PRO, <strong>Hilario Galli se refiri\u00f3 a las palabras del intendente Maximiliano Wesner, en marco de la inauguraci\u00f3n del per\u00edodo ordinario de sesiones este lunes. Afirm\u00f3, en di\u00e1logo con Mart\u00edn Rodr\u00edguez (LU32) no sentirse se\u00f1alado,<\/strong> con muchas de las expresiones realizadas por el jefe comunal.<\/p>\n\n\n\n<p>Indic\u00f3 que <strong>en los ocho a\u00f1os de gesti\u00f3n se cambiaron, modernizaron e incorporaron aparatos y tecnolog\u00eda en el Hospital.<\/strong><\/p>\n\n\n\n<p>Compar\u00f3<strong> lo actuado por ellos con lo recibido en diciembre de 2015 referente a la cuesti\u00f3n de los residuos patog\u00e9nicos de los que<em> \u201cnadie hab\u00eda hablado nunca\u201d. \u201cEl resto de las cuestiones, estaba a la vista\u201d<\/em> <\/strong>sostuvo, cuando ellos entregaron en el 2023.<\/p>\n\n\n\n<p>Es f\u00e1cil ser susceptible estando en este lugar, mencion\u00f3, pero en <strong>lo que es Loma de Paz y Estacionamiento Medido, dos puntos que Wesner puso de ejemplo para hablar de eficiencia, Galli afirm\u00f3 que no lo sinti\u00f3.<\/strong><\/p>\n\n\n\n<p>Diferenci\u00f3 los mismos y <strong>expres\u00f3 que est\u00e1 de acuerdo con lograr la eficiencia, aunque hay que esperar para ver si se llega, pero tambi\u00e9n explicar cu\u00e1les son los motivos por los que se es m\u00e1s eficiente.<\/strong><\/p>\n\n\n\n<p>En este punto,<strong> Galli consider\u00f3 que un gobierno de ideolog\u00eda peronista, no deber\u00eda buscar la eficiencia a costa del reemplazo de empleo formal por monotributistas en el caso de Loma de Paz, y reduciendo sueldos, en el caso del Estacionamiento Medido.<\/strong><\/p>\n\n\n\n<p>El concejal manifest\u00f3 que<strong> del discurso rescata el hecho de la afirmaci\u00f3n en torno a que le faltan 3 a\u00f1os para poder cumplir lo prometido en el Gimnasio del Club Pueblo Nuevo.<\/strong><\/p>\n\n\n\n<p><strong><em>Informaci\u00f3n de Radio Olavarr\u00eda<\/em><\/strong><\/p>\n","protected":false},"excerpt":{"rendered":"<p>El concejal PRO hizo retrospectiva de su gesti\u00f3n e indic\u00f3 que \u201cno se sinti\u00f3 se\u00f1alado\u201d por el balance realizado por<\/p>\n","protected":false},"author":2,"featured_media":89491,"comment_status":"closed","ping_status":"closed","sticky":false,"template":"","format":"standard","meta":{"_jetpack_memberships_contains_paid_content":false,"footnotes":""},"categories":[4,1],"tags":[],"class_list":["post-166493","post","type-post","status-publish","format-standard","has-post-thumbnail","hentry","category-politica","category-portada"],"jetpack_featured_media_url":"https:\/\/i0.wp.com\/cdnoticias.com\/wp-content\/uploads\/2023\/07\/hilario-galli1.jpg?fit=1029%2C573&ssl=1","jetpack_sharing_enabled":true,"_links":{"self":[{"href":"https:\/\/cdnoticias.com\/index.php\/wp-json\/wp\/v2\/posts\/166493","targetHints":{"allow":["GET"]}}],"collection":[{"href":"https:\/\/cdnoticias.com\/index.php\/wp-json\/wp\/v2\/posts"}],"about":[{"href":"https:\/\/cdnoticias.com\/index.php\/wp-json\/wp\/v2\/types\/post"}],"author":[{"embeddable":true,"href":"https:\/\/cdnoticias.com\/index.php\/wp-json\/wp\/v2\/users\/2"}],"replies":[{"embeddable":true,"href":"https:\/\/cdnoticias.com\/index.php\/wp-json\/wp\/v2\/comments?post=166493"}],"version-history":[{"count":0,"href":"https:\/\/cdnoticias.com\/index.php\/wp-json\/wp\/v2\/posts\/166493\/revisions"}],"wp:featuredmedia":[{"embeddable":true,"href":"https:\/\/cdnoticias.com\/index.php\/wp-json\/wp\/v2\/media\/89491"}],"wp:attachment":[{"href":"https:\/\/cdnoticias.com\/index.php\/wp-json\/wp\/v2\/media?parent=166493"}],"wp:term":[{"taxonomy":"category","embeddable":true,"href":"https:\/\/cdnoticias.com\/index.php\/wp-json\/wp\/v2\/categories?post=166493"},{"taxonomy":"post_tag","embeddable":true,"href":"https:\/\/cdnoticias.com\/index.php\/wp-json\/wp\/v2\/tags?post=166493"}],"curies":[{"name":"wp","href":"https:\/\/api.w.org\/{rel}","templated":true}]}}