{"id":166468,"date":"2025-03-12T17:12:15","date_gmt":"2025-03-12T20:12:15","guid":{"rendered":"https:\/\/cdnoticias.com\/?p=166468"},"modified":"2025-03-12T17:12:18","modified_gmt":"2025-03-12T20:12:18","slug":"alberto-dionisio-lo-balso-kuki-q-e-p-d","status":"publish","type":"post","link":"https:\/\/cdnoticias.com\/index.php\/2025\/03\/12\/alberto-dionisio-lo-balso-kuki-q-e-p-d\/","title":{"rendered":"Alberto Dionisio Lo Balso \u201cKuki\u201d (Q.E.P.D.)\u00a0"},"content":{"rendered":"\n<p>Falleci\u00f3 en Olavarr\u00eda el 12 de marzo de 2025 a los 84 a\u00f1os.&nbsp;<\/p>\n\n\n\n<p>Su esposa, sus hijos, hijos pol\u00edticos, nietos y dem\u00e1s familiares participan su fallecimiento.<\/p>\n\n\n\n<p>Velatorio: Sala velatoria de Sierras Bayas, Departamento &#8220;A&#8221;. Desde las 16 horas a las 22 horas. Responso:Capilla Ardiente. Inhumaci\u00f3n: Crematorio Pinos de Paz, d\u00eda y hora a confirmar. Servicio adherido a Coopelectric.<\/p>\n\n\n\n<p>Barrio en el que viv\u00eda: B\u00ba Pueblo Nuevo, Sierras Bayas<\/p>\n\n\n\n<p>Lugar de nacimiento: Hinojo<\/p>\n\n\n\n<p>Actividad que desarrollaba: Jubilado de Cementos San Mart\u00edn<\/p>\n","protected":false},"excerpt":{"rendered":"<p>Falleci\u00f3 en Olavarr\u00eda el 12 de marzo de 2025 a los 84 a\u00f1os.&nbsp; Su esposa, sus hijos, hijos pol\u00edticos, nietos<\/p>\n","protected":false},"author":6,"featured_media":100390,"comment_status":"closed","ping_status":"closed","sticky":false,"template":"","format":"standard","meta":{"_jetpack_memberships_contains_paid_content":false,"footnotes":""},"categories":[10],"tags":[],"class_list":["post-166468","post","type-post","status-publish","format-standard","has-post-thumbnail","hentry","category-necrologicas"],"jetpack_featured_media_url":"https:\/\/i0.wp.com\/cdnoticias.com\/wp-content\/uploads\/2023\/10\/necrologicas-390-x-240.jpg?fit=390%2C240&ssl=1","jetpack_sharing_enabled":true,"_links":{"self":[{"href":"https:\/\/cdnoticias.com\/index.php\/wp-json\/wp\/v2\/posts\/166468","targetHints":{"allow":["GET"]}}],"collection":[{"href":"https:\/\/cdnoticias.com\/index.php\/wp-json\/wp\/v2\/posts"}],"about":[{"href":"https:\/\/cdnoticias.com\/index.php\/wp-json\/wp\/v2\/types\/post"}],"author":[{"embeddable":true,"href":"https:\/\/cdnoticias.com\/index.php\/wp-json\/wp\/v2\/users\/6"}],"replies":[{"embeddable":true,"href":"https:\/\/cdnoticias.com\/index.php\/wp-json\/wp\/v2\/comments?post=166468"}],"version-history":[{"count":0,"href":"https:\/\/cdnoticias.com\/index.php\/wp-json\/wp\/v2\/posts\/166468\/revisions"}],"wp:featuredmedia":[{"embeddable":true,"href":"https:\/\/cdnoticias.com\/index.php\/wp-json\/wp\/v2\/media\/100390"}],"wp:attachment":[{"href":"https:\/\/cdnoticias.com\/index.php\/wp-json\/wp\/v2\/media?parent=166468"}],"wp:term":[{"taxonomy":"category","embeddable":true,"href":"https:\/\/cdnoticias.com\/index.php\/wp-json\/wp\/v2\/categories?post=166468"},{"taxonomy":"post_tag","embeddable":true,"href":"https:\/\/cdnoticias.com\/index.php\/wp-json\/wp\/v2\/tags?post=166468"}],"curies":[{"name":"wp","href":"https:\/\/api.w.org\/{rel}","templated":true}]}}