{"id":166465,"date":"2025-03-13T08:05:37","date_gmt":"2025-03-13T11:05:37","guid":{"rendered":"https:\/\/cdnoticias.com\/?p=166465"},"modified":"2025-03-13T08:05:41","modified_gmt":"2025-03-13T11:05:41","slug":"hcd-la-libertad-avanza-se-quejo-de-la-disposicion-de-bancas-en-el-acto-de-apertura-de-sesiones","status":"publish","type":"post","link":"https:\/\/cdnoticias.com\/index.php\/2025\/03\/13\/hcd-la-libertad-avanza-se-quejo-de-la-disposicion-de-bancas-en-el-acto-de-apertura-de-sesiones\/","title":{"rendered":"HCD: La Libertad Avanza se quej\u00f3 de la disposici\u00f3n de bancas en el acto de apertura de sesiones"},"content":{"rendered":"<p>El sector expres\u00f3 cr\u00edticas al oficialismo: \u201cdiagn\u00f3sticos errados y soluciones ausentes\u201d dijeron sobre el discurso de Wesner.<!--more--><\/p>\n<hr \/>\n<p><strong>La Libertad Avanza<\/strong> emiti\u00f3 un<strong> comunicado<\/strong> en el que <strong>expres\u00f3 diversas cr\u00edticas <\/strong>al acto de apertura de sesiones del Concejo Deliberante y al discurso del intendente Maximiliano Wesner.<\/p>\n<p><strong>\u201cUn acto pol\u00edtico partidario, m\u00e1s que una apertura de sesiones.<\/strong> Por empezar el intendente y su partido pol\u00edtico<strong> le faltaron el respeto al HCD, quitando todas las bancas<\/strong> y ubic\u00e1ndonos a los concejales, seg\u00fan como se les antoj\u00f3 a ellos\u201d sostuvieron. Consideraron que <strong>\u201chabr\u00eda que recordarle al intendente y a la presidencia que es oficialista que hay s\u00edmbolos e instituciones a respetar\u201d<\/strong>.<\/p>\n<p>M\u00e1s adelante, los integrantes de La Libertad Avanza avanzaron en cuestionamientos sobre el ejercicio del poder desde el Ejecutivo para cerrar con la interpretaci\u00f3n de que el discurso de Maximiliano Wesner fue \u201cuno m\u00e1s de los que nos tienen acostumbrados los pol\u00edticos de esta ciudad, <strong>completamente desconectado del origen de los problemas de los olavarrienses, y por ende con diagn\u00f3sticos errados y soluciones ausentes\u201d.<\/strong><\/p>\n","protected":false},"excerpt":{"rendered":"<p>El sector expres\u00f3 cr\u00edticas al oficialismo: \u201cdiagn\u00f3sticos errados y soluciones ausentes\u201d dijeron sobre el discurso de Wesner.<\/p>\n","protected":false},"author":4,"featured_media":151108,"comment_status":"closed","ping_status":"closed","sticky":false,"template":"","format":"standard","meta":{"_jetpack_memberships_contains_paid_content":false,"footnotes":""},"categories":[4,1],"tags":[],"class_list":["post-166465","post","type-post","status-publish","format-standard","has-post-thumbnail","hentry","category-politica","category-portada"],"jetpack_featured_media_url":"https:\/\/i0.wp.com\/cdnoticias.com\/wp-content\/uploads\/2025\/02\/HCD-la-libertad-avanza-gamondi-odello-00.jpg?fit=900%2C501&ssl=1","jetpack_sharing_enabled":true,"_links":{"self":[{"href":"https:\/\/cdnoticias.com\/index.php\/wp-json\/wp\/v2\/posts\/166465","targetHints":{"allow":["GET"]}}],"collection":[{"href":"https:\/\/cdnoticias.com\/index.php\/wp-json\/wp\/v2\/posts"}],"about":[{"href":"https:\/\/cdnoticias.com\/index.php\/wp-json\/wp\/v2\/types\/post"}],"author":[{"embeddable":true,"href":"https:\/\/cdnoticias.com\/index.php\/wp-json\/wp\/v2\/users\/4"}],"replies":[{"embeddable":true,"href":"https:\/\/cdnoticias.com\/index.php\/wp-json\/wp\/v2\/comments?post=166465"}],"version-history":[{"count":0,"href":"https:\/\/cdnoticias.com\/index.php\/wp-json\/wp\/v2\/posts\/166465\/revisions"}],"wp:featuredmedia":[{"embeddable":true,"href":"https:\/\/cdnoticias.com\/index.php\/wp-json\/wp\/v2\/media\/151108"}],"wp:attachment":[{"href":"https:\/\/cdnoticias.com\/index.php\/wp-json\/wp\/v2\/media?parent=166465"}],"wp:term":[{"taxonomy":"category","embeddable":true,"href":"https:\/\/cdnoticias.com\/index.php\/wp-json\/wp\/v2\/categories?post=166465"},{"taxonomy":"post_tag","embeddable":true,"href":"https:\/\/cdnoticias.com\/index.php\/wp-json\/wp\/v2\/tags?post=166465"}],"curies":[{"name":"wp","href":"https:\/\/api.w.org\/{rel}","templated":true}]}}