{"id":166460,"date":"2025-03-12T13:48:43","date_gmt":"2025-03-12T16:48:43","guid":{"rendered":"https:\/\/cdnoticias.com\/?p=166460"},"modified":"2025-03-12T18:02:06","modified_gmt":"2025-03-12T21:02:06","slug":"una-dotacion-de-bomberos-de-olavarria-rumbo-a-bahia-blanca","status":"publish","type":"post","link":"https:\/\/cdnoticias.com\/index.php\/2025\/03\/12\/una-dotacion-de-bomberos-de-olavarria-rumbo-a-bahia-blanca\/","title":{"rendered":"Una dotaci\u00f3n de Bomberos de Olavarr\u00eda, rumbo a Bah\u00eda Blanca"},"content":{"rendered":"<p>Partieron este mi\u00e9rcoles. Los voluntarios de nuestra ciudad viajaron junto a bomberos de toda la Regi\u00f3n Centro Centro para colaborar en tareas de b\u00fasqueda, rescate y limpieza.<!--more--><\/p>\n<hr \/>\n<p><strong>Una dotaci\u00f3n de Bomberos de Olavarr\u00eda viaj\u00f3 rumbo a Bah\u00eda Blanca<\/strong>. La movilizaci\u00f3n se enmarc\u00f3 en el<strong> despliegue de 29 bomberos de la Regi\u00f3n Centro<\/strong> que se lleva a cabo con el objetivo de <strong>apoyar las tareas<\/strong> que se llevan adelante en aquella localidad a ra\u00edz de la <a href=\"https:\/\/cdnoticias.com\/index.php\/2025\/03\/11\/bahia-blanca-aun-no-logran-localizar-a-94-personas-y-niegan-saqueos-masivos\/\" target=\"_blank\" rel=\"noopener\">inundaci\u00f3n del 7 de marzo que dej\u00f3 grav\u00edsimas consecuencias personales y materiales<\/a>.<\/p>\n<p>A cargo del Director de Operaciones de la Regi\u00f3n Centro, <strong>Comandante Mayor Julio Kolman<\/strong>, el contingente est\u00e1 compuesto por <strong>7 unidades de los cuarteles de Olavarr\u00eda, Tapalqu\u00e9, General Alvear, Saladillo, Del Carril y Cachar\u00ed<\/strong>.<\/p>\n<blockquote><p>Desde Olavarr\u00eda, se movilizar\u00e1n 2 unidades bajo el comando del Comandante General Marcelo Menchaca y el Comandante Mayor Julio Kolman. El equipo incluye adem\u00e1s al Oficial Juan Ponce, los Suboficiales Dar\u00edo Alfonzo y Nahuel Alga\u00f1araz, y a los bomberos Marcelo Ferrer\u00eda, Carlos Ram\u00f3n y Lautaro Torres.<\/p><\/blockquote>\n<p><img data-recalc-dims=\"1\" loading=\"lazy\" decoding=\"async\" class=\"size-large wp-image-166461 aligncenter\" src=\"https:\/\/i0.wp.com\/cdnoticias.com\/wp-content\/uploads\/2025\/03\/Bomberos-de-Olavarria-a-Bahia-Blanca-01.jpg?resize=800%2C445&#038;ssl=1\" alt=\"\" width=\"800\" height=\"445\" srcset=\"https:\/\/i0.wp.com\/cdnoticias.com\/wp-content\/uploads\/2025\/03\/Bomberos-de-Olavarria-a-Bahia-Blanca-01.jpg?resize=1024%2C570&amp;ssl=1 1024w, https:\/\/i0.wp.com\/cdnoticias.com\/wp-content\/uploads\/2025\/03\/Bomberos-de-Olavarria-a-Bahia-Blanca-01.jpg?resize=300%2C167&amp;ssl=1 300w, https:\/\/i0.wp.com\/cdnoticias.com\/wp-content\/uploads\/2025\/03\/Bomberos-de-Olavarria-a-Bahia-Blanca-01.jpg?resize=768%2C427&amp;ssl=1 768w, https:\/\/i0.wp.com\/cdnoticias.com\/wp-content\/uploads\/2025\/03\/Bomberos-de-Olavarria-a-Bahia-Blanca-01.jpg?resize=1536%2C854&amp;ssl=1 1536w, https:\/\/i0.wp.com\/cdnoticias.com\/wp-content\/uploads\/2025\/03\/Bomberos-de-Olavarria-a-Bahia-Blanca-01.jpg?resize=800%2C445&amp;ssl=1 800w, https:\/\/i0.wp.com\/cdnoticias.com\/wp-content\/uploads\/2025\/03\/Bomberos-de-Olavarria-a-Bahia-Blanca-01.jpg?w=1600&amp;ssl=1 1600w\" sizes=\"auto, (max-width: 800px) 100vw, 800px\" \/><\/p>\n<p>Desde Olavarr\u00eda, las unidades <strong>partieron este mi\u00e9rcoles a las 2 de la madrugada<\/strong> y se estim\u00f3 que regresar\u00e1n en la madrugada del pr\u00f3ximo s\u00e1bado. En total <strong>cumplir\u00e1n 72 horas de trabajo<\/strong>.<\/p>\n<blockquote><p>\u201cEn el caso de los Bomberos pertenecientes a la Regi\u00f3n Centro Centro, desarrollar\u00e1n tareas de b\u00fasqueda, rescate y limpieza en casas y las zonas m\u00e1s afectadas por el temporal, que a\u00fan est\u00e1n bajo el agua\u201d se destac\u00f3 desde el Cuartel Central de Olavarr\u00eda.<\/p><\/blockquote>\n<p>Desde la<strong> Asociaci\u00f3n de Bomberos Voluntarios de Olavarr\u00eda<\/strong> se defini\u00f3 que \u201ccomo instituci\u00f3n perteneciente a la Regi\u00f3n Centro Centro <strong>estamos orgullosos de poder brindar nuestro apoyo<\/strong> a los compa\u00f1eros bahienses que a\u00fan se encuentran trabajando y luchando contra la cat\u00e1strofe clim\u00e1tica que los afecto. Todo nuestro apoyo para ellos\u201d.<\/p>\n","protected":false},"excerpt":{"rendered":"<p>Partieron este mi\u00e9rcoles. Los voluntarios de nuestra ciudad viajaron junto a bomberos de toda la Regi\u00f3n Centro Centro para colaborar<\/p>\n","protected":false},"author":4,"featured_media":166462,"comment_status":"closed","ping_status":"closed","sticky":false,"template":"","format":"standard","meta":{"_jetpack_memberships_contains_paid_content":false,"footnotes":""},"categories":[5,1],"tags":[],"class_list":["post-166460","post","type-post","status-publish","format-standard","has-post-thumbnail","hentry","category-informacion-general","category-portada"],"jetpack_featured_media_url":"https:\/\/i0.wp.com\/cdnoticias.com\/wp-content\/uploads\/2025\/03\/Bomberos-de-Olavarria-a-Bahia-Blanca-00.jpg?fit=1000%2C556&ssl=1","jetpack_sharing_enabled":true,"_links":{"self":[{"href":"https:\/\/cdnoticias.com\/index.php\/wp-json\/wp\/v2\/posts\/166460","targetHints":{"allow":["GET"]}}],"collection":[{"href":"https:\/\/cdnoticias.com\/index.php\/wp-json\/wp\/v2\/posts"}],"about":[{"href":"https:\/\/cdnoticias.com\/index.php\/wp-json\/wp\/v2\/types\/post"}],"author":[{"embeddable":true,"href":"https:\/\/cdnoticias.com\/index.php\/wp-json\/wp\/v2\/users\/4"}],"replies":[{"embeddable":true,"href":"https:\/\/cdnoticias.com\/index.php\/wp-json\/wp\/v2\/comments?post=166460"}],"version-history":[{"count":0,"href":"https:\/\/cdnoticias.com\/index.php\/wp-json\/wp\/v2\/posts\/166460\/revisions"}],"wp:featuredmedia":[{"embeddable":true,"href":"https:\/\/cdnoticias.com\/index.php\/wp-json\/wp\/v2\/media\/166462"}],"wp:attachment":[{"href":"https:\/\/cdnoticias.com\/index.php\/wp-json\/wp\/v2\/media?parent=166460"}],"wp:term":[{"taxonomy":"category","embeddable":true,"href":"https:\/\/cdnoticias.com\/index.php\/wp-json\/wp\/v2\/categories?post=166460"},{"taxonomy":"post_tag","embeddable":true,"href":"https:\/\/cdnoticias.com\/index.php\/wp-json\/wp\/v2\/tags?post=166460"}],"curies":[{"name":"wp","href":"https:\/\/api.w.org\/{rel}","templated":true}]}}