{"id":166429,"date":"2025-03-12T08:48:08","date_gmt":"2025-03-12T11:48:08","guid":{"rendered":"https:\/\/cdnoticias.com\/?p=166429"},"modified":"2025-03-12T10:22:05","modified_gmt":"2025-03-12T13:22:05","slug":"choque-frontal-entre-autos-en-ruta-51-un-herido","status":"publish","type":"post","link":"https:\/\/cdnoticias.com\/index.php\/2025\/03\/12\/choque-frontal-entre-autos-en-ruta-51-un-herido\/","title":{"rendered":"Choque frontal entre autos en ruta 51: un herido"},"content":{"rendered":"<p>El siniestro vial se dio a la altura del kil\u00f3metro 452. Un hombre de 35 a\u00f1os quien viajaba como acompa\u00f1ante en uno de los autos result\u00f3 con fracturas. Otras dos personas tambi\u00e9n fueron trasladadas al Hospital.<!--more--><\/p>\n<hr \/>\n<p>Un <strong>fuerte siniestro vial<\/strong> se dio este martes sobre la<strong> ruta 51 en inmediaciones de Loma Negra<\/strong> donde <strong>un hombre result\u00f3 con lesiones de consideraci\u00f3n<\/strong>. En total, <strong>tres personas fueron derivadas al Hospital Municipal<\/strong>.<\/p>\n<p>Intervinieron efectivos de la <strong>Subcomisar\u00eda de Loma Negra<\/strong> en el caso que ocurri\u00f3 a la <strong>altura del kil\u00f3metro 452 de la ruta provincial 51<\/strong>, a poca distancia del <strong>cruce con la entrada a L\u00b4Amal\u00ed<\/strong>, donde colisionaron <strong>frontalmente dos autos<\/strong> y <strong>cuatro personas<\/strong> se vieron involucradas.<\/p>\n<blockquote><p>Un Fiat Siena al mando de Marcos Luj\u00e1n de 42 a\u00f1os choc\u00f3 con un Chevrolet \u00d3nix conducido por Cristian Fraile de 39 a\u00f1os a quien acompa\u00f1aban Guillermo Lara de 36 a\u00f1os y Rodrigo Lugones de 35 a\u00f1os.<\/p><\/blockquote>\n<p>Al llegar al lugar del siniestro, <strong>Lugones<\/strong> inform\u00f3 a los efectivos que<strong> presentaba lesiones<\/strong> con lo que fue convocada una <strong>ambulancia<\/strong> que dispuso el traslado de <strong>todos los ocupantes del Chevrolet al Hospital Municipal.<\/strong><\/p>\n<blockquote><p>En el centro de salud se estableci\u00f3 que Lugones presentaba fracturas de clav\u00edcula, estern\u00f3n y costilla, as\u00ed como contusi\u00f3n en el pulm\u00f3n. En tanto, los hombres de 39 y 36 a\u00f1os resultaron sin heridas.<\/p><\/blockquote>\n<p>En el lugar del siniestro, el personal policial se dedic\u00f3 al <strong>desv\u00edo del tr\u00e1nsito<\/strong> y preservaci\u00f3n de la escena. Fueron convocados peritos de <strong>Polic\u00eda Cient\u00edfica<\/strong>. Se iniciaron actuaciones penales por <strong>\u201clesiones culposas\u201d<\/strong>.<\/p>\n","protected":false},"excerpt":{"rendered":"<p>El siniestro vial se dio a la altura del kil\u00f3metro 452. Un hombre de 35 a\u00f1os quien viajaba como acompa\u00f1ante<\/p>\n","protected":false},"author":4,"featured_media":166430,"comment_status":"closed","ping_status":"closed","sticky":false,"template":"","format":"standard","meta":{"_jetpack_memberships_contains_paid_content":false,"footnotes":""},"categories":[14,1],"tags":[],"class_list":["post-166429","post","type-post","status-publish","format-standard","has-post-thumbnail","hentry","category-policiales","category-portada"],"jetpack_featured_media_url":"https:\/\/i0.wp.com\/cdnoticias.com\/wp-content\/uploads\/2025\/03\/choque-ruta-51-km-452-loma-negra.jpg?fit=1044%2C581&ssl=1","jetpack_sharing_enabled":true,"_links":{"self":[{"href":"https:\/\/cdnoticias.com\/index.php\/wp-json\/wp\/v2\/posts\/166429","targetHints":{"allow":["GET"]}}],"collection":[{"href":"https:\/\/cdnoticias.com\/index.php\/wp-json\/wp\/v2\/posts"}],"about":[{"href":"https:\/\/cdnoticias.com\/index.php\/wp-json\/wp\/v2\/types\/post"}],"author":[{"embeddable":true,"href":"https:\/\/cdnoticias.com\/index.php\/wp-json\/wp\/v2\/users\/4"}],"replies":[{"embeddable":true,"href":"https:\/\/cdnoticias.com\/index.php\/wp-json\/wp\/v2\/comments?post=166429"}],"version-history":[{"count":0,"href":"https:\/\/cdnoticias.com\/index.php\/wp-json\/wp\/v2\/posts\/166429\/revisions"}],"wp:featuredmedia":[{"embeddable":true,"href":"https:\/\/cdnoticias.com\/index.php\/wp-json\/wp\/v2\/media\/166430"}],"wp:attachment":[{"href":"https:\/\/cdnoticias.com\/index.php\/wp-json\/wp\/v2\/media?parent=166429"}],"wp:term":[{"taxonomy":"category","embeddable":true,"href":"https:\/\/cdnoticias.com\/index.php\/wp-json\/wp\/v2\/categories?post=166429"},{"taxonomy":"post_tag","embeddable":true,"href":"https:\/\/cdnoticias.com\/index.php\/wp-json\/wp\/v2\/tags?post=166429"}],"curies":[{"name":"wp","href":"https:\/\/api.w.org\/{rel}","templated":true}]}}