{"id":166408,"date":"2025-03-12T17:02:38","date_gmt":"2025-03-12T20:02:38","guid":{"rendered":"https:\/\/cdnoticias.com\/?p=166408"},"modified":"2025-03-12T17:02:41","modified_gmt":"2025-03-12T20:02:41","slug":"mes-de-la-mujer-junto-al-municipio-diversas-actividades-alusivas","status":"publish","type":"post","link":"https:\/\/cdnoticias.com\/index.php\/2025\/03\/12\/mes-de-la-mujer-junto-al-municipio-diversas-actividades-alusivas\/","title":{"rendered":"Mes de la Mujer junto al Municipio: diversas actividades alusivas\u00a0"},"content":{"rendered":"\n<p>Debido al temporal, un segmento de dicho cronograma debi\u00f3 ser reprogramado. Conoce el calendario de actividades completo que comienza este mi\u00e9rcoles.&nbsp;<\/p>\n\n\n\n<hr class=\"wp-block-separator aligncenter has-alpha-channel-opacity\"\/>\n\n\n\n<p>En el marco del <strong>Mes de la Mujer,<\/strong> el Municipio de Olavarr\u00eda, a trav\u00e9s de la Secretar\u00eda de Desarrollo de la Comunidad y la Subsecretar\u00eda de Atenci\u00f3n Primaria de la Salud, dispuso un <strong>extenso cronograma de actividades alusivas a la fecha.\u00a0<\/strong><\/p>\n\n\n\n<p><\/p>\n\n\n\n<p>La iniciativa tiene como objetivo contribuir a la <strong>reflexi\u00f3n sobre los derechos conquistados por el Movimiento Internacional de Mujeres<\/strong> y los <strong>desaf\u00edos que a\u00fan quedan por delante<\/strong> en la reducci\u00f3n de las desigualdades, en la profundizaci\u00f3n del enfoque de g\u00e9nero y la diversidad cultural, sexual, \u00e9tnica y territorial.<\/p>\n\n\n\n<p><\/p>\n\n\n\n<p>Debido al temporal, un segmento de dicho cronograma debi\u00f3 ser reprogramado. A continuaci\u00f3n, se hace extensivo el calendario actualizado.<\/p>\n\n\n\n<p><\/p>\n\n\n\n<p class=\"has-medium-font-size\"><strong>Cronograma completo<\/strong><\/p>\n\n\n\n<ul class=\"wp-block-list\">\n<li>Muestra permanente homenajeando a mujeres premiadas por su desempe\u00f1o profesional en diferentes campos cient\u00edficos \u201cMujeres de ciencia\u201d a trav\u00e9s de la argentina ganadora del Premio Nobel de ambiente \u201cSandra D\u00edaz\u201d. Lugar: Polo educativo y recreativo La M\u00e1xima.<\/li>\n<\/ul>\n\n\n\n<p class=\"has-medium-font-size\"><strong>12 de marzo<\/strong><\/p>\n\n\n\n<ul class=\"wp-block-list\">\n<li>Intervenci\u00f3n Urbana en el paseo Jes\u00fas Mend\u00eda. Junto con MLCVFyG. Lugar: Paseo Jes\u00fas Mend\u00eda. Hora: 10 horas. <\/li>\n<\/ul>\n\n\n\n<ul class=\"wp-block-list\">\n<li>Intervenci\u00f3n Urbana en el Parque Mitre.\u00a0 Junto con MLCVFyG. Lugar: Brown y Belgrano. Hora: 19 horas. <\/li>\n<\/ul>\n\n\n\n<p class=\"has-medium-font-size\"><strong>13 de marzo<\/strong><\/p>\n\n\n\n<ul class=\"wp-block-list\">\n<li>Talleres de Patrimonio intangible en museos de los pueblos: el rol de la mujer ancestral en la transmisi\u00f3n de saberes y costumbres. Taller de Cester\u00eda a cargo de Alicia Fr\u00edas. Lugar: Museo municipal de Espigas. Hora: 10 a 12 horas. Cupo 10 personas.<\/li>\n<\/ul>\n\n\n\n<ul class=\"wp-block-list\">\n<li>Feria y espacio de consulta de la DGMYD. Lugar: Plaza Luj\u00e1n. Horario: 9 a 11:30 horas.\u00a0<\/li>\n<\/ul>\n\n\n\n<p class=\"has-medium-font-size\"><strong>14 de marzo<\/strong><\/p>\n\n\n\n<ul class=\"wp-block-list\">\n<li>Cine en el Museo Hogar Loma Negra. En articulaci\u00f3n con CAPS N.\u00ba 21 de Loma Negra. Proyecci\u00f3n: Cr\u00edmenes de familia. Apta para mayores de 16 a\u00f1os. Lugar: Museo Hogar Loma Negra. Hora: 18:30 horas. <\/li>\n<\/ul>\n\n\n\n<p class=\"has-medium-font-size\"><strong>15 de marzo<\/strong><\/p>\n\n\n\n<ul class=\"wp-block-list\">\n<li>Conversatorio \u201cMujeres en marcha\u201d. El objetivo es visibilizar el rol de la mujer en el mundo de los motores, la mec\u00e1nica y todo lo que gira en torno de la pasi\u00f3n automotor. Lugar: Museo Hermanos Emiliozzi. Hora: 19 horas. <\/li>\n<\/ul>\n\n\n\n<ul class=\"wp-block-list\">\n<li>Proyecci\u00f3n de la pel\u00edcula \u201cGorilas en la Niebla\u201d. Lugar: Polo educativo y recreativo La M\u00e1xima. Hora: 16:30 horas. <\/li>\n<\/ul>\n\n\n\n<p class=\"has-medium-font-size\"><strong>18 de marzo<\/strong><\/p>\n\n\n\n<ul class=\"wp-block-list\">\n<li>Capacitaci\u00f3n y sensibilizaci\u00f3n sobre Diversidades en Red Puentes. Lugar: Red Puentes Rivadavia 2257. Hora: 10 horas. <\/li>\n<\/ul>\n\n\n\n<p class=\"has-medium-font-size\"><strong>20 de marzo<\/strong><\/p>\n\n\n\n<ul class=\"wp-block-list\">\n<li>Talleres de Patrimonio intangible en museos de los pueblos: el rol de la mujer ancestral en la transmisi\u00f3n de saberes y costumbres. Taller de Telar a cargo de Alba Mancinella. Lugar: Museo Hogar Loma Negra. Hora: 15 a 17 horas.  Cupo 20 personas. <\/li>\n<\/ul>\n\n\n\n<p class=\"has-medium-font-size\"><strong>21 de marzo<\/strong><\/p>\n\n\n\n<ul class=\"wp-block-list\">\n<li>Charla: \u201cSiempre estuvieron ah\u00ed\u201d. El rol de las mujeres en el entramado socio productivo de sociedades mineras\u00bb a cargo Ana P\u00eda Recavarren y Roc\u00edo Bassi. Lugar: IIAO sito en CCSJ. Hora: 17 horas. <\/li>\n<\/ul>\n\n\n\n<p class=\"has-medium-font-size\"><strong>22 de marzo<\/strong><\/p>\n\n\n\n<ul class=\"wp-block-list\">\n<li>Proyecci\u00f3n de la pel\u00edcula \u201cTalentos ocultos\u201d. Lugar: Polo educativo y recreativo La M\u00e1xima. Hora: 16:30 horas. <\/li>\n<\/ul>\n\n\n\n<p class=\"has-medium-font-size\"><strong>25 de marzo<\/strong><\/p>\n\n\n\n<ul class=\"wp-block-list\">\n<li>Capacitaci\u00f3n y sensibilizaci\u00f3n sobre Masculinidades en Red Puentes. Lugar: Red Puentes Rivadavia 2257. Hora: 10 horas. <\/li>\n<\/ul>\n\n\n\n<p class=\"has-medium-font-size\"><strong>26 de marzo<\/strong><\/p>\n\n\n\n<ul class=\"wp-block-list\">\n<li>Talleres de Patrimonio intangible en Museos de los Pueblos: el rol de la mujer ancestral en la transmisi\u00f3n de saberes y costumbres. Taller de Sahumos y hierbas ancestrales a cargo de Viviana Catriel. Lugar: Museo de la Piedra Emma Occhi Sierra Chica. Hora: 17 horas. <\/li>\n<\/ul>\n\n\n\n<p class=\"has-medium-font-size\"><strong>28 de marzo<\/strong><\/p>\n\n\n\n<ul class=\"wp-block-list\">\n<li>Talleres de Patrimonio intangible en museos de los pueblos: el rol de la mujer ancestral en la transmisi\u00f3n de saberes y costumbres. Taller de Sah\u00famos y hierbas ancestrales a cargo de Viviana Catriel. Lugar: Museo D\u00e1maso Arce. Hora: 17 horas. Cupo 15 personas.<\/li>\n<\/ul>\n\n\n\n<p class=\"has-medium-font-size\"><strong>29 de marzo<\/strong><\/p>\n\n\n\n<ul class=\"wp-block-list\">\n<li>Conferencia\/Conversatorio a cargo de Marcela Bavio y Pamela Ramos. Disertar\u00e1n respecto a su experiencia profesional como mujeres de las ciencias y su trabajo sobre \u201cimpacto ambiental y energ\u00e9tico\u201d. Lugar: Polo educativo y recreativo La M\u00e1xima. Hora: 17:30 horas. <\/li>\n<\/ul>\n","protected":false},"excerpt":{"rendered":"<p>Debido al temporal, un segmento de dicho cronograma debi\u00f3 ser reprogramado. Conoce el calendario de actividades completo que comienza este<\/p>\n","protected":false},"author":6,"featured_media":110936,"comment_status":"closed","ping_status":"closed","sticky":false,"template":"","format":"standard","meta":{"_jetpack_memberships_contains_paid_content":false,"footnotes":""},"categories":[3,1],"tags":[],"class_list":["post-166408","post","type-post","status-publish","format-standard","has-post-thumbnail","hentry","category-genero","category-portada"],"jetpack_featured_media_url":"https:\/\/i0.wp.com\/cdnoticias.com\/wp-content\/uploads\/2024\/03\/actividades-municipio-8M-2.jpg?fit=1000%2C666&ssl=1","jetpack_sharing_enabled":true,"_links":{"self":[{"href":"https:\/\/cdnoticias.com\/index.php\/wp-json\/wp\/v2\/posts\/166408","targetHints":{"allow":["GET"]}}],"collection":[{"href":"https:\/\/cdnoticias.com\/index.php\/wp-json\/wp\/v2\/posts"}],"about":[{"href":"https:\/\/cdnoticias.com\/index.php\/wp-json\/wp\/v2\/types\/post"}],"author":[{"embeddable":true,"href":"https:\/\/cdnoticias.com\/index.php\/wp-json\/wp\/v2\/users\/6"}],"replies":[{"embeddable":true,"href":"https:\/\/cdnoticias.com\/index.php\/wp-json\/wp\/v2\/comments?post=166408"}],"version-history":[{"count":0,"href":"https:\/\/cdnoticias.com\/index.php\/wp-json\/wp\/v2\/posts\/166408\/revisions"}],"wp:featuredmedia":[{"embeddable":true,"href":"https:\/\/cdnoticias.com\/index.php\/wp-json\/wp\/v2\/media\/110936"}],"wp:attachment":[{"href":"https:\/\/cdnoticias.com\/index.php\/wp-json\/wp\/v2\/media?parent=166408"}],"wp:term":[{"taxonomy":"category","embeddable":true,"href":"https:\/\/cdnoticias.com\/index.php\/wp-json\/wp\/v2\/categories?post=166408"},{"taxonomy":"post_tag","embeddable":true,"href":"https:\/\/cdnoticias.com\/index.php\/wp-json\/wp\/v2\/tags?post=166408"}],"curies":[{"name":"wp","href":"https:\/\/api.w.org\/{rel}","templated":true}]}}