{"id":1664,"date":"2020-09-16T10:42:32","date_gmt":"2020-09-16T13:42:32","guid":{"rendered":"http:\/\/www.centraldenoticias.com.ar\/?p=1664"},"modified":"2020-09-16T10:42:32","modified_gmt":"2020-09-16T13:42:32","slug":"tras-pedidos-confirman-una-guardia-activa-en-recalde","status":"publish","type":"post","link":"https:\/\/cdnoticias.com\/index.php\/2020\/09\/16\/tras-pedidos-confirman-una-guardia-activa-en-recalde\/","title":{"rendered":"Tras pedidos, confirman una \u201cguardia activa\u201d en Recalde"},"content":{"rendered":"<p>As\u00ed lo inform\u00f3 el Municipio en la jornada de este mi\u00e9rcoles. Es en el marco de la Emergencia Sanitaria y estar\u00e1n presentes, durante el fin de semana, un m\u00e9dico y la subdirectora de Enfermer\u00eda de APS para atender a los vecinos de la zona.<!--more--><\/p>\n<hr \/>\n<p>En el marco de la Emergencia Sanitaria por la pandemia del Covid-19,<strong> desde la Subsecretar\u00eda de Gobierno de Olavarr\u00eda informaron que este fin de semana habr\u00e1 una guardia activa de salud en la localidad de Recalde.<\/strong> Esto llega en respuestas a pedidos de vecinos de la localidad que solicitaban presencia m\u00e9dica en el CAPS.<\/p>\n<p>&nbsp;<\/p>\n<p>En este sentido, el Gobierno Municipal asegur\u00f3 que <strong>este s\u00e1bado y domingo estar\u00e1n presentes el Dr. Tom\u00e1s Fern\u00e1ndez y la Subdirectora de Enfermer\u00eda de Atenci\u00f3n Primaria de la Salud Viviana Schneider<\/strong> para atender a los vecinos de la localidad y toda la zona.<\/p>\n<p>&nbsp;<\/p>\n<p>Adem\u00e1s, y tambi\u00e9n en respuesta al pedido de una ambulancia, <strong>se especific\u00f3 que en Espigas se encuentra un veh\u00edculo ambulatorio 4\u00d74 que est\u00e1 disponible si as\u00ed se requiere para toda la zona<\/strong> y que hay un permanente monitoreo de la Secretar\u00eda de Salud Municipal para todos los habitantes.<\/p>\n","protected":false},"excerpt":{"rendered":"<p>As\u00ed lo inform\u00f3 el Municipio en la jornada de este mi\u00e9rcoles. Es en el marco de la Emergencia Sanitaria y<\/p>\n","protected":false},"author":2,"featured_media":1665,"comment_status":"closed","ping_status":"closed","sticky":false,"template":"","format":"standard","meta":{"_jetpack_memberships_contains_paid_content":false,"footnotes":""},"categories":[5,1],"tags":[],"class_list":["post-1664","post","type-post","status-publish","format-standard","has-post-thumbnail","hentry","category-informacion-general","category-portada"],"jetpack_featured_media_url":"https:\/\/i0.wp.com\/cdnoticias.com\/wp-content\/uploads\/2020\/09\/Salud-Caps-Recalde-1024x683.jpg?fit=1024%2C683&ssl=1","jetpack_sharing_enabled":true,"_links":{"self":[{"href":"https:\/\/cdnoticias.com\/index.php\/wp-json\/wp\/v2\/posts\/1664","targetHints":{"allow":["GET"]}}],"collection":[{"href":"https:\/\/cdnoticias.com\/index.php\/wp-json\/wp\/v2\/posts"}],"about":[{"href":"https:\/\/cdnoticias.com\/index.php\/wp-json\/wp\/v2\/types\/post"}],"author":[{"embeddable":true,"href":"https:\/\/cdnoticias.com\/index.php\/wp-json\/wp\/v2\/users\/2"}],"replies":[{"embeddable":true,"href":"https:\/\/cdnoticias.com\/index.php\/wp-json\/wp\/v2\/comments?post=1664"}],"version-history":[{"count":0,"href":"https:\/\/cdnoticias.com\/index.php\/wp-json\/wp\/v2\/posts\/1664\/revisions"}],"wp:featuredmedia":[{"embeddable":true,"href":"https:\/\/cdnoticias.com\/index.php\/wp-json\/wp\/v2\/media\/1665"}],"wp:attachment":[{"href":"https:\/\/cdnoticias.com\/index.php\/wp-json\/wp\/v2\/media?parent=1664"}],"wp:term":[{"taxonomy":"category","embeddable":true,"href":"https:\/\/cdnoticias.com\/index.php\/wp-json\/wp\/v2\/categories?post=1664"},{"taxonomy":"post_tag","embeddable":true,"href":"https:\/\/cdnoticias.com\/index.php\/wp-json\/wp\/v2\/tags?post=1664"}],"curies":[{"name":"wp","href":"https:\/\/api.w.org\/{rel}","templated":true}]}}