{"id":166341,"date":"2025-03-11T10:33:39","date_gmt":"2025-03-11T13:33:39","guid":{"rendered":"https:\/\/cdnoticias.com\/?p=166341"},"modified":"2025-03-11T13:06:02","modified_gmt":"2025-03-11T16:06:02","slug":"alejandra-goldberg-el-temporal-afecto-bastante-todavia-hay-agua-en-los-campos","status":"publish","type":"post","link":"https:\/\/cdnoticias.com\/index.php\/2025\/03\/11\/alejandra-goldberg-el-temporal-afecto-bastante-todavia-hay-agua-en-los-campos\/","title":{"rendered":"Alejandra Goldberg: \u201cel temporal afect\u00f3 bastante, todav\u00eda hay agua en los campos\u201d"},"content":{"rendered":"<p>La vicepresidenta de la Sociedad Rural de Olavarr\u00eda habl\u00f3 sobre el impacto de las lluvias. Recalde, Blanca Grande y Mapis, la zona m\u00e1s afectada con el desborde del arroyo Brandsen. Impactos para la agricultura y la ganader\u00eda.<!--more--><\/p>\n<hr \/>\n<p><strong>Carbap<\/strong> expuso las<strong> graves condiciones en que quedaron amplios sectores rurales<\/strong> de la provincia de Buenos Aires tras las <strong>intensas lluvias<\/strong> de la semana pasada. El relevamiento de la entidad expuso que<strong> casi dos millones de hect\u00e1reas quedaron afectadas<\/strong> &#8211; 500 mil de ellas bajo agua y 1,4 mill\u00f3n por anegamientos- y que <a href=\"https:\/\/cdnoticias.com\/index.php\/2025\/03\/10\/olavarria-entre-los-distritos-mas-complicados-en-la-zona-rural-tras-los-temporales\/\" target=\"_blank\" rel=\"noopener\"><strong>Olavarr\u00eda se encuentra en los distritos con m\u00e1s da\u00f1os<\/strong> junto con La Madrid, Laprida y Benito Ju\u00e1rez<\/a>.<\/p>\n<blockquote><p>\u201cLa verdad que el temporal afect\u00f3 bastante, todav\u00eda hay agua en los campos\u201d defini\u00f3 sobre el tema la vicepresidenta de la Sociedad Rural de Olavarr\u00eda, Alejandra Goldberg, en di\u00e1logo con el programa Levantate por Radio Sapiens (FM 102.7). Inmediatamente agreg\u00f3 que \u201cya va mejorando de a poco\u201d para se\u00f1alar que el escurrimiento de las aguas avanza y que \u201clas consecuencias las vamos a empezar a notar de ahora en adelante\u201d.<\/p><\/blockquote>\n<p>La dirigente rural apunt\u00f3 a que las consecuencias inmediatas se ver\u00e1n en el tr\u00e1nsito:<strong> \u201cvamos a tener problemas con los caminos rurales<\/strong>. El problema va a ser para <strong>sacar la cosecha<\/strong> y los <strong>traslados de hacienda<\/strong> que se hacen normalmente porque es \u00e9poca de destete. Ahora vamos a empezar a lidiar con los temas, con las consecuencias que nos ha dejado este temporal\u201d.<\/p>\n<blockquote class=\"instagram-media\" style=\"background: #FFF; border: 0; border-radius: 3px; box-shadow: 0 0 1px 0 rgba(0,0,0,0.5),0 1px 10px 0 rgba(0,0,0,0.15); margin: 1px; max-width: 540px; min-width: 326px; padding: 0; width: calc(100% - 2px);\" data-instgrm-permalink=\"https:\/\/www.instagram.com\/p\/DG6unm7RmB3\/?utm_source=ig_embed&amp;utm_campaign=loading\" data-instgrm-version=\"14\">\n<div style=\"padding: 16px;\">\n<div style=\"display: flex; flex-direction: row; align-items: center;\">\n<div style=\"background-color: #f4f4f4; border-radius: 50%; flex-grow: 0; height: 40px; margin-right: 14px; width: 40px;\"><\/div>\n<div style=\"display: flex; flex-direction: column; flex-grow: 1; justify-content: center;\">\n<div style=\"background-color: #f4f4f4; border-radius: 4px; flex-grow: 0; height: 14px; margin-bottom: 6px; width: 100px;\"><\/div>\n<div style=\"background-color: #f4f4f4; border-radius: 4px; flex-grow: 0; height: 14px; width: 60px;\"><\/div>\n<\/div>\n<\/div>\n<div style=\"padding: 19% 0;\"><\/div>\n<div style=\"display: block; height: 50px; margin: 0 auto 12px; width: 50px;\"><\/div>\n<div style=\"padding-top: 8px;\">\n<div style=\"color: #3897f0; font-family: Arial,sans-serif; font-size: 14px; font-style: normal; font-weight: 550; line-height: 18px;\">Ver esta publicaci\u00f3n en Instagram<\/div>\n<\/div>\n<div style=\"padding: 12.5% 0;\"><\/div>\n<div style=\"display: flex; flex-direction: row; margin-bottom: 14px; align-items: center;\">\n<div>\n<div style=\"background-color: #f4f4f4; border-radius: 50%; height: 12.5px; width: 12.5px; transform: translateX(0px) translateY(7px);\"><\/div>\n<div style=\"background-color: #f4f4f4; height: 12.5px; transform: rotate(-45deg) translateX(3px) translateY(1px); width: 12.5px; flex-grow: 0; margin-right: 14px; margin-left: 2px;\"><\/div>\n<div style=\"background-color: #f4f4f4; border-radius: 50%; height: 12.5px; width: 12.5px; transform: translateX(9px) translateY(-18px);\"><\/div>\n<\/div>\n<div style=\"margin-left: 8px;\">\n<div style=\"background-color: #f4f4f4; border-radius: 50%; flex-grow: 0; height: 20px; width: 20px;\"><\/div>\n<div style=\"width: 0; height: 0; border-top: 2px solid transparent; border-left: 6px solid #f4f4f4; border-bottom: 2px solid transparent; transform: translateX(16px) translateY(-4px) rotate(30deg);\"><\/div>\n<\/div>\n<div style=\"margin-left: auto;\">\n<div style=\"width: 0px; border-top: 8px solid #F4F4F4; border-right: 8px solid transparent; transform: translateY(16px);\"><\/div>\n<div style=\"background-color: #f4f4f4; flex-grow: 0; height: 12px; width: 16px; transform: translateY(-4px);\"><\/div>\n<div style=\"width: 0; height: 0; border-top: 8px solid #F4F4F4; border-left: 8px solid transparent; transform: translateY(-4px) translateX(8px);\"><\/div>\n<\/div>\n<\/div>\n<div style=\"display: flex; flex-direction: column; flex-grow: 1; justify-content: center; margin-bottom: 24px;\">\n<div style=\"background-color: #f4f4f4; border-radius: 4px; flex-grow: 0; height: 14px; margin-bottom: 6px; width: 224px;\"><\/div>\n<div style=\"background-color: #f4f4f4; border-radius: 4px; flex-grow: 0; height: 14px; width: 144px;\"><\/div>\n<\/div>\n<p style=\"color: #c9c8cd; font-family: Arial,sans-serif; font-size: 14px; line-height: 17px; margin-bottom: 0; margin-top: 8px; overflow: hidden; padding: 8px 0 7px; text-align: center; text-overflow: ellipsis; white-space: nowrap;\"><a style=\"color: #c9c8cd; font-family: Arial,sans-serif; font-size: 14px; font-style: normal; font-weight: normal; line-height: 17px; text-decoration: none;\" href=\"https:\/\/www.instagram.com\/p\/DG6unm7RmB3\/?utm_source=ig_embed&amp;utm_campaign=loading\" target=\"_blank\" rel=\"noopener\">Una publicaci\u00f3n compartida por Estacion Mapis (@estacionmapis)<\/a><\/p>\n<\/div>\n<\/blockquote>\n<p><script async src=\"\/\/www.instagram.com\/embed.js\"><\/script><\/p>\n<p>Aclar\u00f3 que a\u00fan <strong>no es posible proyectar las consecuencias de este cambio de las condiciones<\/strong> de pocas lluvias a exceso de agua en cuanto al rinde de las producciones de girasol y soja, pr\u00f3ximas a cosecharse.<\/p>\n<p>\u201cVen\u00edamos de varios meses con pocas lluvias, donde estaba bastante seco. Ahora pas\u00f3 al otro extremo. <strong>La lluvia media anual en promedio de esta zona es de 900 mil\u00edmetros y en estos 10 o 12 d\u00edas llovieron aproximadamente la mitad<\/strong> o casi la mitad de esa media. Entonces, claramente va a haber un da\u00f1o importante y va a complicar a la actividad\u201d explic\u00f3 Goldberg en la entrevista radial.<\/p>\n<p>El relevamiento de <strong>Carbap inform\u00f3 que en Olavarr\u00eda se vieron afectadas 157 mil hect\u00e1reas por inundaci\u00f3n y casi 295 mil por anegamientos<\/strong>.<\/p>\n<blockquote><p>En cuanto a las zonas m\u00e1s afectadas, dijo que principalmente se dio en \u201cRecalde y Blanca Grande, que ah\u00ed el arroyo Brandsen se desbord\u00f3. Lo mismo que, por ejemplo, en Mapis. La escuela de Mapis se inund\u00f3, tuvo m\u00e1s de 30 o 40 cent\u00edmetros de agua\u201d. Se trata de la\u00a0Escuela N\u00b0 35 &#8220;Jos\u00e9 Lamas&#8221;. A ello a\u00f1adi\u00f3 que, en general en el distrito, \u201cmuchos de los caminos quedaron bajo el agua\u201d aunque actualmente ya est\u00e1n en proceso de mejorar con el escurrimiento.<\/p><\/blockquote>\n<figure id=\"attachment_166344\" aria-describedby=\"caption-attachment-166344\" style=\"width: 1000px\" class=\"wp-caption aligncenter\"><img data-recalc-dims=\"1\" loading=\"lazy\" decoding=\"async\" class=\"wp-image-166344 size-full\" src=\"https:\/\/i0.wp.com\/cdnoticias.com\/wp-content\/uploads\/2025\/03\/lluvia-temporal-arroyo-brandsen-desbordado-00.jpg?resize=800%2C445&#038;ssl=1\" alt=\"\" width=\"800\" height=\"445\" srcset=\"https:\/\/i0.wp.com\/cdnoticias.com\/wp-content\/uploads\/2025\/03\/lluvia-temporal-arroyo-brandsen-desbordado-00.jpg?w=1000&amp;ssl=1 1000w, https:\/\/i0.wp.com\/cdnoticias.com\/wp-content\/uploads\/2025\/03\/lluvia-temporal-arroyo-brandsen-desbordado-00.jpg?resize=300%2C167&amp;ssl=1 300w, https:\/\/i0.wp.com\/cdnoticias.com\/wp-content\/uploads\/2025\/03\/lluvia-temporal-arroyo-brandsen-desbordado-00.jpg?resize=768%2C427&amp;ssl=1 768w, https:\/\/i0.wp.com\/cdnoticias.com\/wp-content\/uploads\/2025\/03\/lluvia-temporal-arroyo-brandsen-desbordado-00.jpg?resize=800%2C445&amp;ssl=1 800w\" sizes=\"auto, (max-width: 800px) 100vw, 800px\" \/><figcaption id=\"caption-attachment-166344\" class=\"wp-caption-text\">El desborde del arroyo Brandsen.<\/figcaption><\/figure>\n<h3>Consecuencias por rubro<\/h3>\n<p>Respecto de la <strong>ca\u00edda de rindes<\/strong>, Alejandra Goldberg expres\u00f3 que <strong>\u201ces dif\u00edcil de estimar porque por ah\u00ed no se puede hacer un c\u00e1lculo t\u00e9cnico de lo que pas\u00f3<\/strong>. Quiz\u00e1s eso vamos a ir recabando informaci\u00f3n a medida que se empiecen a hacer esos trabajos. Nosotros estamos pr\u00f3ximos a la cosecha de girasol, luego seguimos con soja. <strong>A medida que se vayan empezando a cosechar los lotes, seguramente haya lugares que o no se puedan llegar con los camiones, o que las m\u00e1quinas cosechadoras no tengan piso<\/strong> para poder hacer el trabajo. <strong>Reci\u00e9n ah\u00ed vamos a empezar a medir cu\u00e1l fue el da\u00f1o<\/strong> de esto o qu\u00e9 influencia tuvo en las cosechas. <strong>Si hubo alguna p\u00e9rdida en el rinde, una merma, seguramente la haya pero todav\u00eda no se puede estimar el n\u00famero exacto\u201d<\/strong>.<\/p>\n<p>En tanto, respecto de <strong>la ganader\u00eda<\/strong>, dijo que \u201cla vaca como que se la banca m\u00e1s, dicho vulgarmente, porque <strong>lo que ahora va a complicar es que estamos pr\u00f3ximos al destete, entonces esto se va a demorar seguramente\u201d<\/strong>. Lo mismo se\u00f1al\u00f3 para <strong>la campa\u00f1a de vacunaci\u00f3n antiaftosa, cuyo inicio se dio este lunes: \u201cseguramente esos trabajos no se puedan concretar<\/strong> y tambi\u00e9n se postergar\u00e1n\u201d. Defini\u00f3 que para el sector ganadero, la complicaci\u00f3n principal ser\u00e1 \u201cun manejo de los tiempos\u201d.<\/p>\n<figure id=\"attachment_113398\" aria-describedby=\"caption-attachment-113398\" style=\"width: 800px\" class=\"wp-caption aligncenter\"><img data-recalc-dims=\"1\" loading=\"lazy\" decoding=\"async\" class=\"wp-image-113398 size-full\" src=\"https:\/\/i0.wp.com\/cdnoticias.com\/wp-content\/uploads\/2024\/04\/daniel-aycaguer-alejandra-goldberg-sociedad-rural.jpg?resize=800%2C445&#038;ssl=1\" alt=\"\" width=\"800\" height=\"445\" srcset=\"https:\/\/i0.wp.com\/cdnoticias.com\/wp-content\/uploads\/2024\/04\/daniel-aycaguer-alejandra-goldberg-sociedad-rural.jpg?w=800&amp;ssl=1 800w, https:\/\/i0.wp.com\/cdnoticias.com\/wp-content\/uploads\/2024\/04\/daniel-aycaguer-alejandra-goldberg-sociedad-rural.jpg?resize=300%2C167&amp;ssl=1 300w, https:\/\/i0.wp.com\/cdnoticias.com\/wp-content\/uploads\/2024\/04\/daniel-aycaguer-alejandra-goldberg-sociedad-rural.jpg?resize=768%2C427&amp;ssl=1 768w\" sizes=\"auto, (max-width: 800px) 100vw, 800px\" \/><figcaption id=\"caption-attachment-113398\" class=\"wp-caption-text\">Alejandra Goldberg, vicepresidenta de la SRO junto al presidente Daniel Ay\u00e7aguer.<\/figcaption><\/figure>\n","protected":false},"excerpt":{"rendered":"<p>La vicepresidenta de la Sociedad Rural de Olavarr\u00eda habl\u00f3 sobre el impacto de las lluvias. Recalde, Blanca Grande y Mapis,<\/p>\n","protected":false},"author":4,"featured_media":166343,"comment_status":"closed","ping_status":"closed","sticky":false,"template":"","format":"standard","meta":{"_jetpack_memberships_contains_paid_content":false,"footnotes":""},"categories":[5,1],"tags":[],"class_list":["post-166341","post","type-post","status-publish","format-standard","has-post-thumbnail","hentry","category-informacion-general","category-portada"],"jetpack_featured_media_url":"https:\/\/i0.wp.com\/cdnoticias.com\/wp-content\/uploads\/2025\/03\/lluvia-temporal-arroyo-brandsen-desbordado.jpg?fit=1000%2C556&ssl=1","jetpack_sharing_enabled":true,"_links":{"self":[{"href":"https:\/\/cdnoticias.com\/index.php\/wp-json\/wp\/v2\/posts\/166341","targetHints":{"allow":["GET"]}}],"collection":[{"href":"https:\/\/cdnoticias.com\/index.php\/wp-json\/wp\/v2\/posts"}],"about":[{"href":"https:\/\/cdnoticias.com\/index.php\/wp-json\/wp\/v2\/types\/post"}],"author":[{"embeddable":true,"href":"https:\/\/cdnoticias.com\/index.php\/wp-json\/wp\/v2\/users\/4"}],"replies":[{"embeddable":true,"href":"https:\/\/cdnoticias.com\/index.php\/wp-json\/wp\/v2\/comments?post=166341"}],"version-history":[{"count":0,"href":"https:\/\/cdnoticias.com\/index.php\/wp-json\/wp\/v2\/posts\/166341\/revisions"}],"wp:featuredmedia":[{"embeddable":true,"href":"https:\/\/cdnoticias.com\/index.php\/wp-json\/wp\/v2\/media\/166343"}],"wp:attachment":[{"href":"https:\/\/cdnoticias.com\/index.php\/wp-json\/wp\/v2\/media?parent=166341"}],"wp:term":[{"taxonomy":"category","embeddable":true,"href":"https:\/\/cdnoticias.com\/index.php\/wp-json\/wp\/v2\/categories?post=166341"},{"taxonomy":"post_tag","embeddable":true,"href":"https:\/\/cdnoticias.com\/index.php\/wp-json\/wp\/v2\/tags?post=166341"}],"curies":[{"name":"wp","href":"https:\/\/api.w.org\/{rel}","templated":true}]}}