{"id":166233,"date":"2025-03-10T19:59:11","date_gmt":"2025-03-10T22:59:11","guid":{"rendered":"https:\/\/cdnoticias.com\/?p=166233"},"modified":"2025-03-10T21:30:11","modified_gmt":"2025-03-11T00:30:11","slug":"cuando-nuestra-gente-la-esta-pasando-mal-no-deberian-ocupar-el-primer-plano-las-diferencias-partidarias","status":"publish","type":"post","link":"https:\/\/cdnoticias.com\/index.php\/2025\/03\/10\/cuando-nuestra-gente-la-esta-pasando-mal-no-deberian-ocupar-el-primer-plano-las-diferencias-partidarias\/","title":{"rendered":"\u201cCuando nuestra gente la est\u00e1 pasando mal no deber\u00edan ocupar el primer plano las diferencias partidarias\u201d"},"content":{"rendered":"\n<p>El intendente emiti\u00f3 su primera parte del discurso ante los ediles locales y habl\u00f3 sobre las nuevas demandas, un peque\u00f1o balance tras 15 meses de haber asumido en el cargo, y el \u201ccontexto econ\u00f3mico complejo\u201d de la gesti\u00f3n nacional.<\/p>\n\n\n\n<hr class=\"wp-block-separator aligncenter has-alpha-channel-opacity\"\/>\n\n\n\n<p>Pasadas las 19:30 horas, <strong>el intendente Maximiliano Wesner comenz\u00f3 su extenso discurso de inauguraci\u00f3n de sesiones ordinarias<\/strong> en el Centro de Convenciones de Olavarr\u00eda.<\/p>\n\n\n\n<p><\/p>\n\n\n\n<p>Acompa\u00f1ado de sus <strong>principales secretarios de Gobierno<\/strong>, se pudo ver entre los presentes al <strong>ex intendente Jos\u00e9 Eseverri, <\/strong>a los principales referentes de la Uni\u00f3n Industrial de Olavarr\u00eda, referentes vecinales como Carlos Bianchi, el titular de la Asociaci\u00f3n de Bomberos Hugo Fayan\u00e1s junto al Jefe del Cuartel Central el comandante Ra\u00fal Ferreira, dirigentes sindicales como Miguel Santell\u00e1n (CECO) y representantes de AOMA, entre los m\u00e1s destacados.<\/p>\n\n\n\n<p><\/p>\n\n\n\n<p>Wesner comenz\u00f3 haciendo un repaso de los <strong><em>\u201c15 meses de haber asumido en la gesti\u00f3n Municipal. Durante este tiempo pudimos, con mucha responsabilidad y dedicaci\u00f3n, delinear una forma de gestionar congruente con nuestros principios, adecu\u00e1ndonos a la realidad adversa y cambiante del momento, respetando siempre el esp\u00edritu de lo que venimos proponiendo a los olavarrienses\u201d.<\/em><\/strong><\/p>\n\n\n\n<p><\/p>\n\n\n\n<blockquote class=\"wp-block-quote is-layout-flow wp-block-quote-is-layout-flow\">\n<p>Admiti\u00f3 un contexto complejo, \u201catravesado por un signo de este per\u00edodo como es la recesi\u00f3n econ\u00f3mica que sufren nuestros vecinos y que se expresa m\u00e1s crudamente en problem\u00e1ticas sociales que derivan en un clima de violencia y crispaci\u00f3n\u201d.<\/p>\n<\/blockquote>\n\n\n\n<p><\/p>\n\n\n\n<figure class=\"wp-block-image aligncenter size-full\"><img data-recalc-dims=\"1\" loading=\"lazy\" decoding=\"async\" width=\"800\" height=\"450\" src=\"https:\/\/i0.wp.com\/cdnoticias.com\/wp-content\/uploads\/2025\/03\/sesiones-10-marzo-hcd3.jpg?resize=800%2C450&#038;ssl=1\" alt=\"\" class=\"wp-image-166238\" srcset=\"https:\/\/i0.wp.com\/cdnoticias.com\/wp-content\/uploads\/2025\/03\/sesiones-10-marzo-hcd3.jpg?w=900&amp;ssl=1 900w, https:\/\/i0.wp.com\/cdnoticias.com\/wp-content\/uploads\/2025\/03\/sesiones-10-marzo-hcd3.jpg?resize=300%2C169&amp;ssl=1 300w, https:\/\/i0.wp.com\/cdnoticias.com\/wp-content\/uploads\/2025\/03\/sesiones-10-marzo-hcd3.jpg?resize=768%2C432&amp;ssl=1 768w\" sizes=\"auto, (max-width: 800px) 100vw, 800px\" \/><\/figure>\n\n\n\n<p><\/p>\n\n\n\n<p>El primer pedido realizado a la oposici\u00f3n teniendo en cuenta que<strong> \u201ctenemos responsabilidades pol\u00edticas e institucionales\u201d<\/strong> es que <strong>\u201cdebemos utilizar un lenguaje claro y con el mayor grado de objetividad posible.<\/strong> Nuestra palabra tiene un valor y un peso que tiene que ser considerado por su dimensi\u00f3n y lo que genera en la conducta de otros&#8221;.<\/p>\n\n\n\n<p><br>Asimismo, agreg\u00f3 que &#8220;las<strong> redes sociales hoy son el \u00e1mbito donde se debate lo p\u00fablico,<\/strong> con reglas todav\u00eda en constante estudio y an\u00e1lisis, en donde se disputa una <strong>agenda diaria de temas de inter\u00e9s\u201d.<\/strong><\/p>\n\n\n\n<p><\/p>\n\n\n\n<p>Habl\u00f3 de una agenda<strong> \u201cfragmentada, de intereses distintos y demandas particulares para con el Estado Local\u201d.<\/strong> Es por este contexto que pidi\u00f3<em> \u201cuna presencia cotidiana de la gesti\u00f3n en el territorio, de mucha escucha y de nuevas experiencias en los canales de comunicaci\u00f3n y de nuevas herramientas en la administraci\u00f3n de la gesti\u00f3n, un comportamiento transparente, \u00e1gil, moderno, cercano y austero por parte del gobierno\u201d.<\/em><\/p>\n\n\n\n<p><\/p>\n\n\n\n<blockquote class=\"wp-block-quote is-layout-flow wp-block-quote-is-layout-flow\">\n<p>\u201cLa dirigencia en general, pero la dirigencia pol\u00edtica en particular y espec\u00edficamente quienes tenemos responsabilidades institucionales en el Municipio, tenemos que asumir que nuestra sociedad y nuestra ciudad sufrieron cambios estructurales que deben comprenderse, que deben asumirse e inmediatamente encontrar el reflejo necesario para construir nuevos dispositivos institucionales de gesti\u00f3n\u201d sostuvo Wesner. <\/p>\n<\/blockquote>\n\n\n\n<p><\/p>\n\n\n\n<figure class=\"wp-block-image aligncenter size-full\"><img data-recalc-dims=\"1\" loading=\"lazy\" decoding=\"async\" width=\"800\" height=\"436\" src=\"https:\/\/i0.wp.com\/cdnoticias.com\/wp-content\/uploads\/2025\/03\/sesiones-10-marzo-hcd2.png?resize=800%2C436&#038;ssl=1\" alt=\"\" class=\"wp-image-166236\" srcset=\"https:\/\/i0.wp.com\/cdnoticias.com\/wp-content\/uploads\/2025\/03\/sesiones-10-marzo-hcd2.png?w=900&amp;ssl=1 900w, https:\/\/i0.wp.com\/cdnoticias.com\/wp-content\/uploads\/2025\/03\/sesiones-10-marzo-hcd2.png?resize=300%2C164&amp;ssl=1 300w, https:\/\/i0.wp.com\/cdnoticias.com\/wp-content\/uploads\/2025\/03\/sesiones-10-marzo-hcd2.png?resize=768%2C419&amp;ssl=1 768w\" sizes=\"auto, (max-width: 800px) 100vw, 800px\" \/><\/figure>\n\n\n\n<p><\/p>\n\n\n\n<p>Pidi\u00f3 una <strong>\u201cpol\u00edtica emp\u00e1tica y conductas amigables, sobre todo en contextos de crisis, momentos de tensiones o situaciones adversas. Nos eligen para construir propuestas, tender puentes y acompa\u00f1ar\u201d.<\/strong><\/p>\n\n\n\n<p><\/p>\n\n\n\n<blockquote class=\"wp-block-quote is-layout-flow wp-block-quote-is-layout-flow\">\n<p>\u201cCuando nuestra gente la est\u00e1 pasando mal no deber\u00edan ocupar el primer plano las diferencias partidarias, sino que deber\u00eda haber una suma de voluntades capaces de ayudar al otro desde las diferentes perspectivas o conceptos a los que uno adhiera\u201d.<\/p>\n<\/blockquote>\n\n\n\n<p><\/p>\n\n\n\n<p>A esta serie de cambios le agreg\u00f3 \u201cuna <strong>crisis ambiental y clim\u00e1tica, <\/strong>de la cual <strong>hemos sido testigos en reiteradas ocasiones y que tiene un efecto m\u00e1s profundo en los sectores m\u00e1s vulnerables<\/strong>, a los cuales <strong>debemos responder con rapidez\u201d. <\/strong><\/p>\n\n\n\n<p><\/p>\n\n\n\n<p>Repas\u00f3 que desde el inicio de su gesti\u00f3n <strong>hubo 4 temporales<\/strong> \u201cque<strong><em> generaron una importante inversi\u00f3n en materia de asistencia, recursos humanos, reparaci\u00f3n de caminos, reconstrucci\u00f3n de edificios escolares e infraestructura de servicios\u201d.<\/em><\/strong><\/p>\n\n\n\n<p><\/p>\n\n\n\n<p>\u201cAnte estos hechos <strong>es importante destacar el apoyo que hemos recibido primero de los vecinos, las instituciones y empresas del Partido<\/strong> que desde el minuto uno llamaron y se sumaron a los equipos de abordaje, por otro lado al Gobierno de la Provincia de Buenos Aires que mediante los diferentes ministerios se pusieron a disposici\u00f3n y respondieron ante cada requerimiento&#8221; indic\u00f3. <\/p>\n\n\n\n<p><\/p>\n\n\n\n<p>En relaci\u00f3n a esto \u00faltimo agreg\u00f3: <strong>&#8220;Fundamentalmente desde el Ministerio de Desarrollo de la Comunidad. Es imposible describir estos meses de gesti\u00f3n sin dejarle en claro a todos los vecinos de Olavarr\u00eda que el modelo econ\u00f3mico actual atenta contra la mayor\u00eda de los intereses de los actores de la ciudad\u201d.<\/strong><\/p>\n\n\n\n<p><\/p>\n\n\n\n<figure class=\"wp-block-image aligncenter size-full\"><img data-recalc-dims=\"1\" loading=\"lazy\" decoding=\"async\" width=\"800\" height=\"439\" src=\"https:\/\/i0.wp.com\/cdnoticias.com\/wp-content\/uploads\/2025\/03\/sesiones-10-marzo-hcd1.png?resize=800%2C439&#038;ssl=1\" alt=\"\" class=\"wp-image-166235\" srcset=\"https:\/\/i0.wp.com\/cdnoticias.com\/wp-content\/uploads\/2025\/03\/sesiones-10-marzo-hcd1.png?w=900&amp;ssl=1 900w, https:\/\/i0.wp.com\/cdnoticias.com\/wp-content\/uploads\/2025\/03\/sesiones-10-marzo-hcd1.png?resize=300%2C165&amp;ssl=1 300w, https:\/\/i0.wp.com\/cdnoticias.com\/wp-content\/uploads\/2025\/03\/sesiones-10-marzo-hcd1.png?resize=768%2C422&amp;ssl=1 768w\" sizes=\"auto, (max-width: 800px) 100vw, 800px\" \/><\/figure>\n\n\n\n<p><\/p>\n\n\n\n<p>Y enfatiz\u00f3 siendo \u201cclaro y preciso\u201d al se\u00f1alar que \u201c<strong>si no se promueve la Obra P\u00fablica se da\u00f1a el entramado productivo de nuestra ciudad,<\/strong> la cual tiene en el centro de la escena la producci\u00f3n de cemento, cal, piedra, las empresas de transporte y cientos de PYMES sat\u00e9lites que <strong>dependen directa e indirectamente de esta actividad. <\/strong>Pero no lo digo yo, durante los \u00faltimos d\u00edas el titular de la C\u00e1mara de la Piedra expres\u00f3: \u201c<strong>Estamos ante la peor crisis de la historia de la miner\u00eda nuestra\u201d.<\/strong><\/p>\n\n\n\n<p><\/p>\n\n\n\n<blockquote class=\"wp-block-quote is-layout-flow wp-block-quote-is-layout-flow\">\n<p>En materia de consecuencias, la paralizaci\u00f3n de obra p\u00fablica en Olavarr\u00eda \u201cdesencaden\u00f3 serios problemas en nuestra econom\u00eda, afectando de manera directa al sector minero, pero tambi\u00e9n impactando en el empleo, el transporte, el comercio y la econom\u00eda en general\u201d.<\/p>\n<\/blockquote>\n\n\n\n<p><\/p>\n\n\n\n<p>Record\u00f3 que<strong> ni en la pandemia hubo una par\u00e1lisis de la actividad minera tan pronunciada: <\/strong>\u201c<em>las mineras comenzaron a reducir horas de trabajo y salarios, llegando incluso a verse obligadas a despedir a aproximadamente 200 trabajadores, lo que representa una p\u00e9rdida de circulaci\u00f3n mensual cercana a 300 millones de pesos en la econom\u00eda local\u201d.<\/em><\/p>\n\n\n\n<p><\/p>\n\n\n\n<p>En un discurso en el cual convoc\u00f3 a reflexionar constantemente, pidi\u00f3 \u201chacerse la siguiente pregunta: Los comercios de materiales de construcci\u00f3n que funcionan en nuestra ciudad, \u00bf<strong>Por qu\u00e9 mejorar\u00edan sus ventas sin obra p\u00fablica y con la p\u00e9rdida del poder adquisitivo de los trabajadores? <\/strong>Las empresas de transporte local, <strong>\u00bfC\u00f3mo tendr\u00edan mayor cantidad de fletes sin obra p\u00fablica y con ca\u00edda sostenida de la actividad?\u201d.<\/strong><\/p>\n\n\n\n<p><\/p>\n\n\n\n<figure class=\"wp-block-image aligncenter size-full\"><img data-recalc-dims=\"1\" loading=\"lazy\" decoding=\"async\" width=\"800\" height=\"450\" src=\"https:\/\/i0.wp.com\/cdnoticias.com\/wp-content\/uploads\/2025\/03\/hcd-sesion-10-marzo.jpg?resize=800%2C450&#038;ssl=1\" alt=\"\" class=\"wp-image-166239\" srcset=\"https:\/\/i0.wp.com\/cdnoticias.com\/wp-content\/uploads\/2025\/03\/hcd-sesion-10-marzo.jpg?w=900&amp;ssl=1 900w, https:\/\/i0.wp.com\/cdnoticias.com\/wp-content\/uploads\/2025\/03\/hcd-sesion-10-marzo.jpg?resize=300%2C169&amp;ssl=1 300w, https:\/\/i0.wp.com\/cdnoticias.com\/wp-content\/uploads\/2025\/03\/hcd-sesion-10-marzo.jpg?resize=768%2C432&amp;ssl=1 768w\" sizes=\"auto, (max-width: 800px) 100vw, 800px\" \/><\/figure>\n\n\n\n<p><\/p>\n\n\n\n<p>Se\u00f1al\u00f3 que <strong>seguir\u00e1 pidiendo la reactivaci\u00f3n de las obras publicas que tiene Olavarr\u00eda de la Naci\u00f3n<\/strong>, <em>\u201cvoy a <strong>defender los puestos de trabajo de mis vecinos,<\/strong> y vamos a seguir pidiendo por la reanudaci\u00f3n de obras, y sobre todo vamos a hacer protagonistas en la discusi\u00f3n de un nuevo modelo productivo nacional, que tenga a nuestras PYMES como factor clave del desarrollo. <strong>Argentina no puede, ni merece, olvidar que son las PYMES y las empresas familiares las que generan trabajo, riquezas e inversi\u00f3n real\u201d.<\/strong><\/em><\/p>\n\n\n\n<p><\/p>\n\n\n\n<blockquote class=\"wp-block-quote is-layout-flow wp-block-quote-is-layout-flow\">\n<p>Destac\u00f3 el \u201ctrabajo incansable\u201d de \u201cfuncionarios y empleados municipales que con enorme responsabilidad se brindan d\u00eda a d\u00eda con total vocaci\u00f3n de servicio p\u00fablico en cada una de sus tareas\u201d.<\/p>\n<\/blockquote>\n\n\n\n<p><\/p>\n\n\n\n<p>En un <strong>apartado econ\u00f3mico y financiero<\/strong>, record\u00f3 el <strong>d\u00e9ficit heredado la gesti\u00f3n Galli <\/strong>que signific\u00f3, en sus palabras, \u201c<em>casi el 13% del gasto ejecutivo. Este per\u00edodo de gesti\u00f3n estuvo indefectiblemente marcado por la necesidad de trabajar y sentar bases que permitan de a poco revertir esta situaci\u00f3n y recuperar as\u00ed la capacidad de intervenci\u00f3n del municipio, protegiendo al m\u00e1ximo cada uno de los recursos\u201d.<\/em><\/p>\n\n\n\n<p><\/p>\n\n\n\n<blockquote class=\"wp-block-quote is-layout-flow wp-block-quote-is-layout-flow\">\n<p>Tras la revisi\u00f3n de los contratos y renegociaci\u00f3n o cambio de proveedores, \u201chemos redireccionado un total de 1.200 millones de pesos al fortalecimiento de servicios a la comunidad, mediante la mejora del salario de los trabajadores, la compra de equipamiento y hasta la creaci\u00f3n de nuevos dispositivos de gesti\u00f3n que brindan nuevos servicios. Lo hicimos auditando, revisando y reestructurando\u201d.<\/p>\n<\/blockquote>\n\n\n\n<p><\/p>\n\n\n\n<figure class=\"wp-block-image aligncenter size-full\"><img data-recalc-dims=\"1\" loading=\"lazy\" decoding=\"async\" width=\"800\" height=\"450\" src=\"https:\/\/i0.wp.com\/cdnoticias.com\/wp-content\/uploads\/2025\/03\/wesner-hcd-sesiones.jpg?resize=800%2C450&#038;ssl=1\" alt=\"\" class=\"wp-image-166241\" srcset=\"https:\/\/i0.wp.com\/cdnoticias.com\/wp-content\/uploads\/2025\/03\/wesner-hcd-sesiones.jpg?w=900&amp;ssl=1 900w, https:\/\/i0.wp.com\/cdnoticias.com\/wp-content\/uploads\/2025\/03\/wesner-hcd-sesiones.jpg?resize=300%2C169&amp;ssl=1 300w, https:\/\/i0.wp.com\/cdnoticias.com\/wp-content\/uploads\/2025\/03\/wesner-hcd-sesiones.jpg?resize=768%2C432&amp;ssl=1 768w\" sizes=\"auto, (max-width: 800px) 100vw, 800px\" \/><\/figure>\n\n\n\n<p><\/p>\n\n\n\n<p><strong>Los servicios que se revieron fueron:<\/strong><\/p>\n\n\n\n<ul class=\"wp-block-list\">\n<li>El servicio de gesti\u00f3n integral e inclusiva de residuos s\u00f3lidos urbanos<\/li>\n\n\n\n<li>El servicio de gesti\u00f3n y mantenimiento del Cementerio Loma de Paz.<\/li>\n\n\n\n<li>El servicio de higiene urbana y complementarios.<\/li>\n\n\n\n<li>El servicio de mantenimiento de alumbrado p\u00fablico.<\/li>\n\n\n\n<li>El incremento del n\u00famero de proveedores municipales que permiti\u00f3 mejorar la oferta con baja de precios en las contrataciones.<\/li>\n<\/ul>\n\n\n\n<p><strong>Habl\u00f3 de incrementos de recursos mediante:<\/strong><\/p>\n\n\n\n<ul class=\"wp-block-list\">\n<li>La liquidaci\u00f3n de los derechos de ocupaci\u00f3n de espacios p\u00fablicos (a trav\u00e9s de relevamientos que realiz\u00f3 la Secretar\u00eda de Obras y Servicios P\u00fablicos),<\/li>\n\n\n\n<li>Derechos de construcci\u00f3n de los parques e\u00f3licos, con cambios en las metodolog\u00edas de c\u00e1lculo en pos de mayores ingresos.<\/li>\n\n\n\n<li>Cruces de las bases de datos con la Agencia de Recaudaci\u00f3n de la Provincia (ARBA) con fuerte impronta en la fiscalizaci\u00f3n, y con resultados notorios a partir de ello.<\/li>\n\n\n\n<li>Altas tributarias en materia de la Tasa de Servicios Urbanos, por un total desde el inicio de la gesti\u00f3n de 1.273 cuentas abiertas catastralmente y con el alta tributaria correspondiente.<\/li>\n\n\n\n<li>Altas tributarias de la Tasa de Seguridad de Higiene para empresas extralocales, proceso iniciado en 2024 y que contin\u00faa con una fuerte impronta durante el presente.<br>\u201cSer transparente significa mucho m\u00e1s que estar en un ranking de una ONG. En este punto vale aclarar que durante 2024 se sostuvo la carga de datos abiertos en el portal del municipio. No porque esperemos estar primeros en un ranking; sino porque creemos en el acceso a la informaci\u00f3n y la posibilidad de consulta por parte de la ciudadan\u00eda\u201d dijo Wesner.<\/li>\n<\/ul>\n\n\n\n<p><\/p>\n\n\n\n<p><strong>\u201cQuiero una transparencia donde realmente cualquiera pueda conocer c\u00f3mo se realiza un procedimiento administrativo, donde los mismos sean iguales para todos y no haya diferencias ni amiguismos. Donde ser transparente signifique estar cerca del vecino, no aprovechar la gesti\u00f3n para intereses personales, y poder dar respuestas claras cada vez que se las solicite\u201d <\/strong>dijo, con sutileza para la gesti\u00f3n pasada.<\/p>\n\n\n\n<p><\/p>\n\n\n\n<figure class=\"wp-block-image aligncenter size-full\"><img data-recalc-dims=\"1\" loading=\"lazy\" decoding=\"async\" width=\"800\" height=\"450\" src=\"https:\/\/i0.wp.com\/cdnoticias.com\/wp-content\/uploads\/2025\/03\/wesner-hcd-sesiones1.jpg?resize=800%2C450&#038;ssl=1\" alt=\"\" class=\"wp-image-166242\" srcset=\"https:\/\/i0.wp.com\/cdnoticias.com\/wp-content\/uploads\/2025\/03\/wesner-hcd-sesiones1.jpg?w=900&amp;ssl=1 900w, https:\/\/i0.wp.com\/cdnoticias.com\/wp-content\/uploads\/2025\/03\/wesner-hcd-sesiones1.jpg?resize=300%2C169&amp;ssl=1 300w, https:\/\/i0.wp.com\/cdnoticias.com\/wp-content\/uploads\/2025\/03\/wesner-hcd-sesiones1.jpg?resize=768%2C432&amp;ssl=1 768w\" sizes=\"auto, (max-width: 800px) 100vw, 800px\" \/><\/figure>\n\n\n\n<p><\/p>\n\n\n\n<blockquote class=\"wp-block-quote is-layout-flow wp-block-quote-is-layout-flow\">\n<p>Record\u00f3 la realizaci\u00f3n de una auditor\u00eda \u201cpara que quede un registro de la situaci\u00f3n con la que nos encontramos y para que lo sepa la comunidad, que es a quien nos debemos\u201d.<\/p>\n<\/blockquote>\n\n\n\n<p><\/p>\n\n\n\n<p>Por \u00faltimo, destac\u00f3 el<strong> trabajo de Barrio por Barrio<\/strong>, \u201c<strong>cumpliendo con lo que decimos y con lo que nos comprometimos.<\/strong> Por supuesto, hay muchas cosas que a\u00fan no se ven plasmadas, pero<strong> no tengan dudas que las vamos a ir llevando a cabo en el marco de una planificaci\u00f3n de esta gesti\u00f3n que dura 4 a\u00f1os<\/strong>\u201d cerr\u00f3 en su primera etapa.<\/p>\n\n\n\n<p><\/p>\n","protected":false},"excerpt":{"rendered":"<p>El intendente emiti\u00f3 su primera parte del discurso ante los ediles locales y habl\u00f3 sobre las nuevas demandas, un peque\u00f1o<\/p>\n","protected":false},"author":6,"featured_media":166237,"comment_status":"closed","ping_status":"closed","sticky":false,"template":"","format":"standard","meta":{"_jetpack_memberships_contains_paid_content":false,"footnotes":""},"categories":[4,1],"tags":[],"class_list":["post-166233","post","type-post","status-publish","format-standard","has-post-thumbnail","hentry","category-politica","category-portada"],"jetpack_featured_media_url":"https:\/\/i0.wp.com\/cdnoticias.com\/wp-content\/uploads\/2025\/03\/sesiones-10-marzo.jpg?fit=900%2C506&ssl=1","jetpack_sharing_enabled":true,"_links":{"self":[{"href":"https:\/\/cdnoticias.com\/index.php\/wp-json\/wp\/v2\/posts\/166233","targetHints":{"allow":["GET"]}}],"collection":[{"href":"https:\/\/cdnoticias.com\/index.php\/wp-json\/wp\/v2\/posts"}],"about":[{"href":"https:\/\/cdnoticias.com\/index.php\/wp-json\/wp\/v2\/types\/post"}],"author":[{"embeddable":true,"href":"https:\/\/cdnoticias.com\/index.php\/wp-json\/wp\/v2\/users\/6"}],"replies":[{"embeddable":true,"href":"https:\/\/cdnoticias.com\/index.php\/wp-json\/wp\/v2\/comments?post=166233"}],"version-history":[{"count":0,"href":"https:\/\/cdnoticias.com\/index.php\/wp-json\/wp\/v2\/posts\/166233\/revisions"}],"wp:featuredmedia":[{"embeddable":true,"href":"https:\/\/cdnoticias.com\/index.php\/wp-json\/wp\/v2\/media\/166237"}],"wp:attachment":[{"href":"https:\/\/cdnoticias.com\/index.php\/wp-json\/wp\/v2\/media?parent=166233"}],"wp:term":[{"taxonomy":"category","embeddable":true,"href":"https:\/\/cdnoticias.com\/index.php\/wp-json\/wp\/v2\/categories?post=166233"},{"taxonomy":"post_tag","embeddable":true,"href":"https:\/\/cdnoticias.com\/index.php\/wp-json\/wp\/v2\/tags?post=166233"}],"curies":[{"name":"wp","href":"https:\/\/api.w.org\/{rel}","templated":true}]}}