{"id":166229,"date":"2025-03-11T16:17:29","date_gmt":"2025-03-11T19:17:29","guid":{"rendered":"https:\/\/cdnoticias.com\/?p=166229"},"modified":"2025-03-11T16:17:33","modified_gmt":"2025-03-11T19:17:33","slug":"desde-este-mes-nuevos-horarios-para-los-espacios-culturales","status":"publish","type":"post","link":"https:\/\/cdnoticias.com\/index.php\/2025\/03\/11\/desde-este-mes-nuevos-horarios-para-los-espacios-culturales\/","title":{"rendered":"Desde este mes, nuevos horarios para los espacios culturales"},"content":{"rendered":"\n<p>Conoc\u00e9 en detalle la actualizaci\u00f3n horario de todos los Museos de la ciudad.<\/p>\n\n\n\n<hr class=\"wp-block-separator aligncenter has-alpha-channel-opacity\"\/>\n\n\n\n<p>El Municipio, a trav\u00e9s de la Subsecretar\u00eda de Cultura y Educaci\u00f3n, da a conocer a la comunidad <strong>la actualizaci\u00f3n horaria de los Museos Municipales,<\/strong> los cuales <strong>comienzan a regir a partir del corriente mes.<\/strong><\/p>\n\n\n\n<p><\/p>\n\n\n\n<p>A continuaci\u00f3n, se ofrece el <strong>detalle de d\u00edas y horarios de visita<\/strong> correspondiente a cada museo.<\/p>\n\n\n\n<p><\/p>\n\n\n\n<ul class=\"wp-block-list\">\n<li><strong>Museo D\u00e1maso Arce<\/strong><\/li>\n<\/ul>\n\n\n\n<p>Martes a jueves de 8 a 12 y de 13 a 17 horas.<\/p>\n\n\n\n<p>Viernes de 8 a 12 y de 13 a 19 horas.<\/p>\n\n\n\n<p>S\u00e1bados y domingos de 17 a 20 horas.<\/p>\n\n\n\n<ul class=\"wp-block-list\">\n<li><strong>Museo Hnos. Emiliozzi<\/strong><\/li>\n<\/ul>\n\n\n\n<p>Martes a viernes de 8 a 12 y de 13 a 15 horas.<\/p>\n\n\n\n<p>S\u00e1bados y domingos de 17 a 20 horas.<\/p>\n\n\n\n<ul class=\"wp-block-list\">\n<li><strong>IIAO<\/strong><\/li>\n<\/ul>\n\n\n\n<p>Martes a viernes de 8 a 13 horas.<\/p>\n\n\n\n<ul class=\"wp-block-list\">\n<li><strong>Museo de Ciencias<\/strong><\/li>\n<\/ul>\n\n\n\n<p>Lunes cerrado al p\u00fablico<\/p>\n\n\n\n<p>Martes y mi\u00e9rcoles de 8 a 12 (turno tarde a demanda)<\/p>\n\n\n\n<p>Jueves y viernes de 8 a 12 y de 13 a 17 horas.<\/p>\n\n\n\n<p>S\u00e1bados, domingos y feriados de 16 a 19 horas.<\/p>\n\n\n\n<ul class=\"wp-block-list\">\n<li><strong>Centro Cultural Municipal \u201cSan Jos\u00e9\u201d<\/strong><\/li>\n<\/ul>\n\n\n\n<p>Horario al p\u00fablico<\/p>\n\n\n\n<p>Lunes a viernes de 8 a 18 horas.<\/p>\n\n\n\n<p>S\u00e1bado y domingo 15 a 18 horas.<\/p>\n\n\n\n<p>Horario administrativo<\/p>\n\n\n\n<p>7 a 14 horas<\/p>\n","protected":false},"excerpt":{"rendered":"<p>Conoc\u00e9 en detalle la actualizaci\u00f3n horario de todos los Museos de la ciudad. El Municipio, a trav\u00e9s de la Subsecretar\u00eda<\/p>\n","protected":false},"author":6,"featured_media":50365,"comment_status":"closed","ping_status":"closed","sticky":false,"template":"","format":"standard","meta":{"_jetpack_memberships_contains_paid_content":false,"footnotes":""},"categories":[9,1],"tags":[],"class_list":["post-166229","post","type-post","status-publish","format-standard","has-post-thumbnail","hentry","category-cultura","category-portada"],"jetpack_featured_media_url":"https:\/\/i0.wp.com\/cdnoticias.com\/wp-content\/uploads\/2022\/03\/Centro-Cultural-San-Jose-Drone.jpg?fit=800%2C445&ssl=1","jetpack_sharing_enabled":true,"_links":{"self":[{"href":"https:\/\/cdnoticias.com\/index.php\/wp-json\/wp\/v2\/posts\/166229","targetHints":{"allow":["GET"]}}],"collection":[{"href":"https:\/\/cdnoticias.com\/index.php\/wp-json\/wp\/v2\/posts"}],"about":[{"href":"https:\/\/cdnoticias.com\/index.php\/wp-json\/wp\/v2\/types\/post"}],"author":[{"embeddable":true,"href":"https:\/\/cdnoticias.com\/index.php\/wp-json\/wp\/v2\/users\/6"}],"replies":[{"embeddable":true,"href":"https:\/\/cdnoticias.com\/index.php\/wp-json\/wp\/v2\/comments?post=166229"}],"version-history":[{"count":0,"href":"https:\/\/cdnoticias.com\/index.php\/wp-json\/wp\/v2\/posts\/166229\/revisions"}],"wp:featuredmedia":[{"embeddable":true,"href":"https:\/\/cdnoticias.com\/index.php\/wp-json\/wp\/v2\/media\/50365"}],"wp:attachment":[{"href":"https:\/\/cdnoticias.com\/index.php\/wp-json\/wp\/v2\/media?parent=166229"}],"wp:term":[{"taxonomy":"category","embeddable":true,"href":"https:\/\/cdnoticias.com\/index.php\/wp-json\/wp\/v2\/categories?post=166229"},{"taxonomy":"post_tag","embeddable":true,"href":"https:\/\/cdnoticias.com\/index.php\/wp-json\/wp\/v2\/tags?post=166229"}],"curies":[{"name":"wp","href":"https:\/\/api.w.org\/{rel}","templated":true}]}}