{"id":166198,"date":"2025-03-10T16:39:37","date_gmt":"2025-03-10T19:39:37","guid":{"rendered":"https:\/\/cdnoticias.com\/?p=166198"},"modified":"2025-03-10T19:06:01","modified_gmt":"2025-03-10T22:06:01","slug":"tras-el-crimen-de-un-perro-en-sierra-chica-landivar-recibio-a-proteccionistas","status":"publish","type":"post","link":"https:\/\/cdnoticias.com\/index.php\/2025\/03\/10\/tras-el-crimen-de-un-perro-en-sierra-chica-landivar-recibio-a-proteccionistas\/","title":{"rendered":"Tras el crimen de un perro en Sierra Chica, Land\u00edvar recibi\u00f3 a proteccionistas"},"content":{"rendered":"\n<p>Fue en el Palacio San Mart\u00edn, en la ma\u00f1ana de este lunes. La inquietud de que se repitan hechos como el de \u201cOso\u201d, en la agenda.<\/p>\n\n\n\n<hr class=\"wp-block-separator aligncenter has-alpha-channel-opacity\"\/>\n\n\n\n<p>En la ma\u00f1ana de este lunes<strong> la Jefa de Gabinete del Municipio de Olavarr\u00eda, Mercedes Land\u00edvar, recibi\u00f3 en el Palacio Municipal a proteccionistas de animales, referentes de Appoa y vecinas de Sierra Chica.<\/strong><\/p>\n\n\n\n<p>El encuentro se concret\u00f3 en el Sal\u00f3n Blanco, con el objetivo de<em><strong> &#8220;seguir desplegando labores conjuntas en materia de cuidado y defensa de los derechos de los animales en la citada localidad&#8221;.<\/strong><\/em><\/p>\n\n\n\n<p>En la ocasi\u00f3n <strong>las mujeres presentes acercaron su preocupaci\u00f3n y tambi\u00e9n inquietudes con motivo de los episodios de p\u00fablicos conocimiento. <\/strong>Land\u00edvar ratific\u00f3 el compromiso del Municipio en el acompa\u00f1amiento a la comunidad de la localidad, como as\u00ed tambi\u00e9n <em><strong>&#8220;en la realizaci\u00f3n de distintas actividades y pol\u00edticas tanto para asistir en la tarea de las entidades proteccionistas y en el cuidado y defensa de los derechos de los animales&#8221;.<\/strong><\/em><\/p>\n\n\n\n<figure class=\"wp-block-embed is-type-wp-embed is-provider-central-de-noticias-olavarr-a wp-block-embed-central-de-noticias-olavarr-a\"><div class=\"wp-block-embed__wrapper\">\n<blockquote class=\"wp-embedded-content\" data-secret=\"hTaa33yLwG\"><a href=\"https:\/\/cdnoticias.com\/index.php\/2025\/02\/27\/perro-decapitado-en-sierra-chica-se-esta-reuniendo-toda-la-informacion-posible\/\">Perro decapitado en Sierra Chica: \u201cse est\u00e1 reuniendo toda la informaci\u00f3n posible\u201d<\/a><\/blockquote><iframe loading=\"lazy\" class=\"wp-embedded-content\" sandbox=\"allow-scripts\" security=\"restricted\" style=\"position: absolute; visibility: hidden;\" title=\"&#8220;Perro decapitado en Sierra Chica: \u201cse est\u00e1 reuniendo toda la informaci\u00f3n posible\u201d&#8221; &#8212; Central de Noticias | Olavarr\u00eda\" src=\"https:\/\/cdnoticias.com\/index.php\/2025\/02\/27\/perro-decapitado-en-sierra-chica-se-esta-reuniendo-toda-la-informacion-posible\/embed\/#?secret=37R38CqORD#?secret=hTaa33yLwG\" data-secret=\"hTaa33yLwG\" width=\"600\" height=\"338\" frameborder=\"0\" marginwidth=\"0\" marginheight=\"0\" scrolling=\"no\"><\/iframe>\n<\/div><\/figure>\n","protected":false},"excerpt":{"rendered":"<p>Fue en el Palacio San Mart\u00edn, en la ma\u00f1ana de este lunes. La inquietud de que se repitan hechos como<\/p>\n","protected":false},"author":2,"featured_media":166199,"comment_status":"closed","ping_status":"closed","sticky":false,"template":"","format":"standard","meta":{"_jetpack_memberships_contains_paid_content":false,"footnotes":""},"categories":[5,1],"tags":[],"class_list":["post-166198","post","type-post","status-publish","format-standard","has-post-thumbnail","hentry","category-informacion-general","category-portada"],"jetpack_featured_media_url":"https:\/\/i0.wp.com\/cdnoticias.com\/wp-content\/uploads\/2025\/03\/proteccionistas-olavarria-apoaa.jpeg?fit=1024%2C768&ssl=1","jetpack_sharing_enabled":true,"_links":{"self":[{"href":"https:\/\/cdnoticias.com\/index.php\/wp-json\/wp\/v2\/posts\/166198","targetHints":{"allow":["GET"]}}],"collection":[{"href":"https:\/\/cdnoticias.com\/index.php\/wp-json\/wp\/v2\/posts"}],"about":[{"href":"https:\/\/cdnoticias.com\/index.php\/wp-json\/wp\/v2\/types\/post"}],"author":[{"embeddable":true,"href":"https:\/\/cdnoticias.com\/index.php\/wp-json\/wp\/v2\/users\/2"}],"replies":[{"embeddable":true,"href":"https:\/\/cdnoticias.com\/index.php\/wp-json\/wp\/v2\/comments?post=166198"}],"version-history":[{"count":0,"href":"https:\/\/cdnoticias.com\/index.php\/wp-json\/wp\/v2\/posts\/166198\/revisions"}],"wp:featuredmedia":[{"embeddable":true,"href":"https:\/\/cdnoticias.com\/index.php\/wp-json\/wp\/v2\/media\/166199"}],"wp:attachment":[{"href":"https:\/\/cdnoticias.com\/index.php\/wp-json\/wp\/v2\/media?parent=166198"}],"wp:term":[{"taxonomy":"category","embeddable":true,"href":"https:\/\/cdnoticias.com\/index.php\/wp-json\/wp\/v2\/categories?post=166198"},{"taxonomy":"post_tag","embeddable":true,"href":"https:\/\/cdnoticias.com\/index.php\/wp-json\/wp\/v2\/tags?post=166198"}],"curies":[{"name":"wp","href":"https:\/\/api.w.org\/{rel}","templated":true}]}}