{"id":166193,"date":"2025-03-10T13:07:42","date_gmt":"2025-03-10T16:07:42","guid":{"rendered":"https:\/\/cdnoticias.com\/?p=166193"},"modified":"2025-03-10T16:40:00","modified_gmt":"2025-03-10T19:40:00","slug":"olavarria-entre-los-distritos-mas-complicados-en-la-zona-rural-tras-los-temporales","status":"publish","type":"post","link":"https:\/\/cdnoticias.com\/index.php\/2025\/03\/10\/olavarria-entre-los-distritos-mas-complicados-en-la-zona-rural-tras-los-temporales\/","title":{"rendered":"Olavarr\u00eda, entre los distritos m\u00e1s complicados en la zona rural tras los temporales"},"content":{"rendered":"\n<p>En toda la provincia, son m\u00e1s de 500 mil hect\u00e1reas totalmente inundadas y un mill\u00f3n y medio \u201cmuy anegadas\u201d. Se habla de p\u00e9rdidas multimillonarias.<\/p>\n\n\n\n<hr class=\"wp-block-separator aligncenter has-alpha-channel-opacity\"\/>\n\n\n\n<p>Tras las intensas lluvias de la semana pasada con inundaciones y anegamientos, <strong>Olavarr\u00eda se encuentra entre los distritos m\u00e1s complicados en la zona rural, con miles de hect\u00e1reas inundadas y otras tantas con graves anegamientos y honda preocupaci\u00f3n por los cultivos y el ganado.<\/strong><\/p>\n\n\n\n<p>En total, son <strong>casi dos millones de hect\u00e1reas productivas permanecen inundadas en trece partidos del centro y sudoeste bonaerense<\/strong>, lo que <strong>anticipa p\u00e9rdidas significativas para el sector agropecuario.<\/strong><\/p>\n\n\n\n<p>Seg\u00fan un relevamiento satelital realizado por Pablo Ginestet para la Confederaci\u00f3n de Asociaciones Rurales de Buenos Aires y La Pampa (Carbap), <strong>las recientes precipitaciones agravaron la situaci\u00f3n en la regi\u00f3n, con m\u00e1s de 500.000 hect\u00e1reas completamente cubiertas de agua y cerca de 1.500.000 afectadas por anegamientos severos.<\/strong><\/p>\n\n\n\n<p>El presidente de Carbap, <strong>Ignacio Kovarsky, alert\u00f3 sobre el impacto en los cultivos y el ganado.<em> &#8220;Much\u00edsimos animales con terneros al pie est\u00e1n comprometidos, y las p\u00e9rdidas ser\u00e1n elevadas. En algunas zonas se registraron entre 700 y 800 mil\u00edmetros de lluvia en lo que va del a\u00f1o&#8221;<\/em>, se\u00f1al\u00f3.<\/strong><\/p>\n\n\n\n<p>El fen\u00f3meno comenz\u00f3 con fuertes precipitaciones en el este de La Pampa y se extendi\u00f3 a localidades como Carhu\u00e9 y sus alrededores. <\/p>\n\n\n\n<blockquote class=\"wp-block-quote is-layout-flow wp-block-quote-is-layout-flow\">\n<p>&#8220;Coronel Su\u00e1rez recibi\u00f3 precipitaciones muy intensas, y la situaci\u00f3n m\u00e1s cr\u00edtica se observa en Laprida, Olavarr\u00eda y La Madrid&#8221;, explic\u00f3 Kovarsky en declaraciones radiales. Adem\u00e1s, distritos como Benito Ju\u00e1rez, Gonzales Chaves, Coronel Pringles y Daireaux superan las 100.000 hect\u00e1reas afectadas.<\/p>\n<\/blockquote>\n\n\n\n<p>El sur bonaerense enfrenta un panorama especialmente adverso, con productores rurales que han quedado aislados en sus establecimientos debido a las inundaciones. <strong>En tanto, zonas como Henderson, Carlos Casares, Bol\u00edvar, Pehuaj\u00f3 y 9 de Julio tambi\u00e9n registraron precipitaciones superiores a los 300 mil\u00edmetros en pocos d\u00edas, profundizando la emergencia h\u00eddrica en la regi\u00f3n.<\/strong><\/p>\n\n\n\n<p><em>Con informaci\u00f3n de DIB<\/em><\/p>\n","protected":false},"excerpt":{"rendered":"<p>En toda la provincia, son m\u00e1s de 500 mil hect\u00e1reas totalmente inundadas y un mill\u00f3n y medio \u201cmuy anegadas\u201d. Se<\/p>\n","protected":false},"author":2,"featured_media":166194,"comment_status":"closed","ping_status":"closed","sticky":false,"template":"","format":"standard","meta":{"_jetpack_memberships_contains_paid_content":false,"footnotes":""},"categories":[5,1],"tags":[],"class_list":["post-166193","post","type-post","status-publish","format-standard","has-post-thumbnail","hentry","category-informacion-general","category-portada"],"jetpack_featured_media_url":"https:\/\/i0.wp.com\/cdnoticias.com\/wp-content\/uploads\/2025\/03\/inundaciones-campo.jpg?fit=1905%2C1025&ssl=1","jetpack_sharing_enabled":true,"_links":{"self":[{"href":"https:\/\/cdnoticias.com\/index.php\/wp-json\/wp\/v2\/posts\/166193","targetHints":{"allow":["GET"]}}],"collection":[{"href":"https:\/\/cdnoticias.com\/index.php\/wp-json\/wp\/v2\/posts"}],"about":[{"href":"https:\/\/cdnoticias.com\/index.php\/wp-json\/wp\/v2\/types\/post"}],"author":[{"embeddable":true,"href":"https:\/\/cdnoticias.com\/index.php\/wp-json\/wp\/v2\/users\/2"}],"replies":[{"embeddable":true,"href":"https:\/\/cdnoticias.com\/index.php\/wp-json\/wp\/v2\/comments?post=166193"}],"version-history":[{"count":0,"href":"https:\/\/cdnoticias.com\/index.php\/wp-json\/wp\/v2\/posts\/166193\/revisions"}],"wp:featuredmedia":[{"embeddable":true,"href":"https:\/\/cdnoticias.com\/index.php\/wp-json\/wp\/v2\/media\/166194"}],"wp:attachment":[{"href":"https:\/\/cdnoticias.com\/index.php\/wp-json\/wp\/v2\/media?parent=166193"}],"wp:term":[{"taxonomy":"category","embeddable":true,"href":"https:\/\/cdnoticias.com\/index.php\/wp-json\/wp\/v2\/categories?post=166193"},{"taxonomy":"post_tag","embeddable":true,"href":"https:\/\/cdnoticias.com\/index.php\/wp-json\/wp\/v2\/tags?post=166193"}],"curies":[{"name":"wp","href":"https:\/\/api.w.org\/{rel}","templated":true}]}}