{"id":166149,"date":"2025-03-10T08:42:26","date_gmt":"2025-03-10T11:42:26","guid":{"rendered":"https:\/\/cdnoticias.com\/?p=166149"},"modified":"2025-03-10T11:28:14","modified_gmt":"2025-03-10T14:28:14","slug":"hcd-este-lunes-sera-el-acto-de-apertura-de-sesiones","status":"publish","type":"post","link":"https:\/\/cdnoticias.com\/index.php\/2025\/03\/10\/hcd-este-lunes-sera-el-acto-de-apertura-de-sesiones\/","title":{"rendered":"HCD: este lunes ser\u00e1 el acto de apertura de sesiones"},"content":{"rendered":"<p>Desde las 19 en el CEMO abrir\u00e1 el periodo legislativo 2025. Hablar\u00e1 el intendente Maximiliano Wesner y se esperan anuncios de obras.<!--more--><\/p>\n<hr \/>\n<p>Este<strong> lunes<\/strong> desde las <strong>19 horas<\/strong> se har\u00e1 el <strong>acto de apertura de sesiones ordinarias<\/strong> en el Concejo Deliberante.<\/p>\n<blockquote><p>En el CEMO se llevar\u00e1 adelante el acto en el que el intendente Maximiliano Wesner brindar\u00e1 el tradicional discurso ante los concejales para exponer una especie de balance del a\u00f1o pasado, los principales lineamientos de gesti\u00f3n para el 2025 y dar\u00e1 apertura al a\u00f1o pol\u00edtico que estar\u00e1 signado por las elecciones legislativas.<\/p><\/blockquote>\n<p>El acto ser\u00e1 encabezado por el<strong> presidente del Concejo Deliberante, Guillermo Santell\u00e1n.<\/strong><\/p>\n<p>Se espera que <strong>Wesner presente algunos <a href=\"https:\/\/cdnoticias.com\/index.php\/2025\/03\/02\/alertas-amarillas-y-naranjas-en-la-politica\/\" target=\"_blank\" rel=\"noopener\">anuncios con novedades en t\u00e9rminos de obras p\u00fablicas<\/a><\/strong> y, tras lo sucedido en la semana pasada, tambi\u00e9n un balance de las actuaciones por los temporales de las \u00faltimas dos semanas.<\/p>\n<p>En ese sentido, cabe recordar que este acto <em>se hab\u00eda programado inicialmente para el jueves 6 de marzo, pero <a href=\"https:\/\/cdnoticias.com\/index.php\/2025\/03\/06\/se-reprogramo-el-acto-de-apertura-de-sesiones-del-hcd-de-olavarria\/\" target=\"_blank\" rel=\"noopener\">debi\u00f3 postergarse<\/a> debido a las condiciones adversas del clima.<\/em><\/p>\n<p>La apertura del periodo ordinario de sesiones en el Concejo Deliberante dejar\u00e1 habilitada formalmente las actividades de las comisiones y la <strong>primera sesi\u00f3n ordinaria ser\u00e1 convocada para este jueves.<\/strong><\/p>\n","protected":false},"excerpt":{"rendered":"<p>Desde las 19 en el CEMO abrir\u00e1 el periodo legislativo 2025. Hablar\u00e1 el intendente Maximiliano Wesner y se esperan anuncios<\/p>\n","protected":false},"author":4,"featured_media":110423,"comment_status":"closed","ping_status":"closed","sticky":false,"template":"","format":"standard","meta":{"_jetpack_memberships_contains_paid_content":false,"footnotes":""},"categories":[4,1],"tags":[],"class_list":["post-166149","post","type-post","status-publish","format-standard","has-post-thumbnail","hentry","category-politica","category-portada"],"jetpack_featured_media_url":"https:\/\/i0.wp.com\/cdnoticias.com\/wp-content\/uploads\/2024\/03\/apertura-sesiones-wesner-2024-56.jpg?fit=1600%2C890&ssl=1","jetpack_sharing_enabled":true,"_links":{"self":[{"href":"https:\/\/cdnoticias.com\/index.php\/wp-json\/wp\/v2\/posts\/166149","targetHints":{"allow":["GET"]}}],"collection":[{"href":"https:\/\/cdnoticias.com\/index.php\/wp-json\/wp\/v2\/posts"}],"about":[{"href":"https:\/\/cdnoticias.com\/index.php\/wp-json\/wp\/v2\/types\/post"}],"author":[{"embeddable":true,"href":"https:\/\/cdnoticias.com\/index.php\/wp-json\/wp\/v2\/users\/4"}],"replies":[{"embeddable":true,"href":"https:\/\/cdnoticias.com\/index.php\/wp-json\/wp\/v2\/comments?post=166149"}],"version-history":[{"count":0,"href":"https:\/\/cdnoticias.com\/index.php\/wp-json\/wp\/v2\/posts\/166149\/revisions"}],"wp:featuredmedia":[{"embeddable":true,"href":"https:\/\/cdnoticias.com\/index.php\/wp-json\/wp\/v2\/media\/110423"}],"wp:attachment":[{"href":"https:\/\/cdnoticias.com\/index.php\/wp-json\/wp\/v2\/media?parent=166149"}],"wp:term":[{"taxonomy":"category","embeddable":true,"href":"https:\/\/cdnoticias.com\/index.php\/wp-json\/wp\/v2\/categories?post=166149"},{"taxonomy":"post_tag","embeddable":true,"href":"https:\/\/cdnoticias.com\/index.php\/wp-json\/wp\/v2\/tags?post=166149"}],"curies":[{"name":"wp","href":"https:\/\/api.w.org\/{rel}","templated":true}]}}