{"id":166114,"date":"2025-03-10T18:01:10","date_gmt":"2025-03-10T21:01:10","guid":{"rendered":"https:\/\/cdnoticias.com\/?p=166114"},"modified":"2025-03-10T18:01:14","modified_gmt":"2025-03-10T21:01:14","slug":"pymes-las-ventas-minoristas-subieron-24-interanual-en-febrero-pero-no-compensan-el-desplome-del-ano-pasado","status":"publish","type":"post","link":"https:\/\/cdnoticias.com\/index.php\/2025\/03\/10\/pymes-las-ventas-minoristas-subieron-24-interanual-en-febrero-pero-no-compensan-el-desplome-del-ano-pasado\/","title":{"rendered":"Pymes: las ventas minoristas subieron 24% interanual en febrero, pero no compensan el desplome del a\u00f1o pasado"},"content":{"rendered":"\n<p>Si bien registraron un aumento interanual -a precios constantes-, tuvieron una baja del 2,9% mensual desestacionalizada.<\/p>\n\n\n\n<hr class=\"wp-block-separator aligncenter has-alpha-channel-opacity\"\/>\n\n\n\n<p>Las <strong>ventas minoristas pymes aumentaron 24% interanual en febrero<\/strong> -a precios constantes-, aunque <strong>registraron una baja del 2,9% mensual desestacionalizada.<\/strong>\u00a0<\/p>\n\n\n\n<p><\/p>\n\n\n\n<p>La mejora a\u00fan <strong>no logra compensar las fuertes ca\u00eddas del a\u00f1o pasado,<\/strong> cuando las <strong>ventas retrocedieron 25,5% en febrero<\/strong>, acumulando un <strong>descenso del 27%<\/strong> en los dos primeros meses, concluye esta ma\u00f1ana de domingo CAME.<\/p>\n\n\n\n<p><\/p>\n\n\n\n<blockquote class=\"wp-block-quote is-layout-flow wp-block-quote-is-layout-flow\">\n<p>En febrero, los siete rubros relevados registraron subas interanuales en sus ventas. El mayor incremento se detect\u00f3 en Perfumer\u00eda (+33,1%), seguido por Alimentos y Bebidas (+33%) y Farmacia (+31,9%). En el acumulado del bimestre, lidera Alimentos y Bebidas con un aumento de +32,8%.\u00a0<\/p>\n<\/blockquote>\n\n\n\n<p><\/p>\n\n\n\n<p>En la comparaci\u00f3n intermensual desestacionalizada,<strong> todos los ramos presentaron variaciones negativas,<\/strong> siendo <strong>Calzado y Marroquiner\u00eda el que tuvo el mayor descenso (-5,4%),<\/strong> por delante de Ferreter\u00eda, materiales el\u00e9ctricos y de la construcci\u00f3n (-4,3%).\u00a0 As\u00ed surge el \u00cdndice de Ventas Minoristas (IVM) Pymes de la Confederaci\u00f3n Argentina de la en Mediana Empresa (CAME).<\/p>\n\n\n\n<p><\/p>\n\n\n\n<h2 class=\"wp-block-heading\"><strong>Alimentos y bebidas<\/strong><\/h2>\n\n\n\n<p>Las ventas <strong>subieron un 33% en la comparaci\u00f3n interanual <\/strong>-a precios constantes-, acumulando un aumento del 32,8% en el primer bimestre del a\u00f1o. Sin embargo, en la comparaci\u00f3n intermensual desestacionalizada, <strong>se registr\u00f3 una ca\u00edda del 2,1%.\u00a0<\/strong><\/p>\n\n\n\n<p><\/p>\n\n\n\n<p>\u201cEsta recuperaci\u00f3n interanual del sector contrasta con los pronunciados descensos de febrero de 2024, cuando se alcanzaron valores m\u00ednimos de -33,3% y un acumulado de -35,2%. El resultado se registra tras un enero afectado por la estacionalidad y las vacaciones\u201d.<\/p>\n\n\n\n<p><\/p>\n\n\n\n<h2 class=\"wp-block-heading\"><strong>Bazar, decoraci\u00f3n, textiles para el hogar y muebles<\/strong><\/h2>\n\n\n\n<p>Las ventas se incrementaron<strong> 24% interanual<\/strong> -siempre a precios constantes-, sumando un incremento del 28,9%. En el contraste intermensual desestacionalizado, se observ\u00f3 una <strong>disminuci\u00f3n del 1,3%.<\/strong><\/p>\n\n\n\n<p>\u201cEste desempe\u00f1o responde, en parte, a la base de comparaci\u00f3n con febrero de 2024, cuando las ventas se hab\u00edan contra\u00eddo un 22,7% y el primer bimestre acumulaba una retracci\u00f3n del 21,9%\u201d.<\/p>\n\n\n\n<p><\/p>\n\n\n\n<h2 class=\"wp-block-heading\"><strong>Calzado y marroquiner\u00eda<\/strong><\/h2>\n\n\n\n<p>Las ventas crecieron un 23% interanual, acumulando un incremento del 21,4%. Aunque, en el intermensual se midi\u00f3 una ca\u00edda del 5,4%, la m\u00e1s pronunciada dentro del mes. En este ramo, la base de comparaci\u00f3n es febrero de 2024, cuando las ventas hab\u00edan retrocedido 21,4%, con un acumulado negativo del 21,1%.&nbsp;<\/p>\n\n\n\n<p><\/p>\n\n\n\n<p><strong><em>\u201cEl sector mostr\u00f3 un fuerte impulso en las operaciones debido al inicio del ciclo escolar, con una mayor demanda de productos como calzado colegial, mochilas y cartucheras\u201d.\u00a0<\/em><\/strong><\/p>\n\n\n\n<p><\/p>\n\n\n\n<p>Sin embargo, siempre de acuerdo con CAME, \u201ca pesar del movimiento generado por la temporada escolar, <strong>muchos negocios reportaron que la actividad se mantuvo por debajo de lo esperado,<\/strong> en parte debido a la cautela de los consumidores y a la falta de financiamiento a largo plazo\u201d.<\/p>\n\n\n\n<p><\/p>\n\n\n\n<h2 class=\"wp-block-heading\"><strong>Farmacia<\/strong><\/h2>\n\n\n\n<p>Las ventas mejoraron un 31,9% interanual y llevan un alza del 25,9% en el primer bimestre de 2025.\u00a0 En tanto, en la comparaci\u00f3n intermensual -siempre desestacionalizada- se registr\u00f3 un retroceso del 2,3%. Esto es producto, en parte, de la base de comparaci\u00f3n con febrero de 2024, cuando las ventas se hab\u00edan derrumbado un 39% y acumulaban una retracci\u00f3n del 42,4%.\u00a0<\/p>\n\n\n\n<p><\/p>\n\n\n\n<p>\u201cA pesar de la recuperaci\u00f3n observada,<strong> las farmacias a\u00fan no han logrado compensar completamente las p\u00e9rdidas sufridas <\/strong>en el primer bimestre del a\u00f1o pasado\u201d.<\/p>\n\n\n\n<p><\/p>\n\n\n\n<h2 class=\"wp-block-heading\"><strong>Perfumer\u00eda<\/strong><\/h2>\n\n\n\n<p>Las ventas subieron un 33,1% interanual, y suman un incremento del 21,6% en el primer bimestre. Pero, en la comparaci\u00f3n intermensual, hubo un declive del -1,9%.&nbsp;<\/p>\n\n\n\n<p><\/p>\n\n\n\n<p>\u201cAunque el rubro muestra valores positivos, la base de comparaci\u00f3n sigue siendo baja, ya que en febrero del pasado a\u00f1o se desplom\u00f3 un -40,9% y acumulaba una retracci\u00f3n del -36,7% en los primeros dos meses del 2024\u201d.<\/p>\n\n\n\n<p><\/p>\n\n\n\n<h2 class=\"wp-block-heading\"><strong>Ferreter\u00eda, materiales el\u00e9ctricos y materiales de la construcci\u00f3n<\/strong><\/h2>\n\n\n\n<p>Las ventas tuvieron un ascenso del 28,3% y llegaron as\u00ed a un crecimiento del 21,7% en el bimestre.&nbsp;<\/p>\n\n\n\n<p><\/p>\n\n\n\n<p>Por su parte, en el contraste intermensual bajaron 4,3%. En este rubro, la base de comparaci\u00f3n es un febrero 2024 con ca\u00edda de -28,2% y un acumulado del 29,8%. \u201cEsto indica que, pese a los valores positivos en t\u00e9rminos interanuales y acumulados, a\u00fan queda margen de recuperaci\u00f3n\u201d.<\/p>\n\n\n\n<p><\/p>\n\n\n\n<h2 class=\"wp-block-heading\"><strong>Textil e indumentaria<\/strong><\/h2>\n\n\n\n<p>Las ventas prosperaron un 5,1% interanual -a precios constantes-, acumulando un crecimiento del 15,8%. De todos modos, en la comparaci\u00f3n intermensual desestacionalizada, se observ\u00f3 una disminuci\u00f3n del -3%.&nbsp;<\/p>\n\n\n\n<p><\/p>\n\n\n\n<p>\u201cA diferencia de otros sectores, este mantiene una evoluci\u00f3n estable, tanto en 2024 como en lo que va del a\u00f1o. En t\u00e9rminos interanuales, la base de comparaci\u00f3n es un febrero de 2024 que hab\u00eda aumentado un 3,5% y acumulaba un incremento del 2,2% en el primer bimestre\u201d.&nbsp;<\/p>\n\n\n\n<p><em>Fuente: DIB\u00a0<\/em><\/p>\n\n\n\n<p><\/p>\n","protected":false},"excerpt":{"rendered":"<p>Si bien registraron un aumento interanual -a precios constantes-, tuvieron una baja del 2,9% mensual desestacionalizada. Las ventas minoristas pymes<\/p>\n","protected":false},"author":6,"featured_media":129549,"comment_status":"closed","ping_status":"closed","sticky":false,"template":"","format":"standard","meta":{"_jetpack_memberships_contains_paid_content":false,"footnotes":""},"categories":[6,1],"tags":[],"class_list":["post-166114","post","type-post","status-publish","format-standard","has-post-thumbnail","hentry","category-nacionales","category-portada"],"jetpack_featured_media_url":"https:\/\/i0.wp.com\/cdnoticias.com\/wp-content\/uploads\/2024\/11\/DIB-Ventas-miniristas-pymes.jpg?fit=696%2C392&ssl=1","jetpack_sharing_enabled":true,"_links":{"self":[{"href":"https:\/\/cdnoticias.com\/index.php\/wp-json\/wp\/v2\/posts\/166114","targetHints":{"allow":["GET"]}}],"collection":[{"href":"https:\/\/cdnoticias.com\/index.php\/wp-json\/wp\/v2\/posts"}],"about":[{"href":"https:\/\/cdnoticias.com\/index.php\/wp-json\/wp\/v2\/types\/post"}],"author":[{"embeddable":true,"href":"https:\/\/cdnoticias.com\/index.php\/wp-json\/wp\/v2\/users\/6"}],"replies":[{"embeddable":true,"href":"https:\/\/cdnoticias.com\/index.php\/wp-json\/wp\/v2\/comments?post=166114"}],"version-history":[{"count":0,"href":"https:\/\/cdnoticias.com\/index.php\/wp-json\/wp\/v2\/posts\/166114\/revisions"}],"wp:featuredmedia":[{"embeddable":true,"href":"https:\/\/cdnoticias.com\/index.php\/wp-json\/wp\/v2\/media\/129549"}],"wp:attachment":[{"href":"https:\/\/cdnoticias.com\/index.php\/wp-json\/wp\/v2\/media?parent=166114"}],"wp:term":[{"taxonomy":"category","embeddable":true,"href":"https:\/\/cdnoticias.com\/index.php\/wp-json\/wp\/v2\/categories?post=166114"},{"taxonomy":"post_tag","embeddable":true,"href":"https:\/\/cdnoticias.com\/index.php\/wp-json\/wp\/v2\/tags?post=166114"}],"curies":[{"name":"wp","href":"https:\/\/api.w.org\/{rel}","templated":true}]}}