{"id":166107,"date":"2025-03-09T11:27:34","date_gmt":"2025-03-09T14:27:34","guid":{"rendered":"https:\/\/cdnoticias.com\/?p=166107"},"modified":"2025-03-09T11:53:30","modified_gmt":"2025-03-09T14:53:30","slug":"ruben-horacio-carca-rubi-q-e-p-d","status":"publish","type":"post","link":"https:\/\/cdnoticias.com\/index.php\/2025\/03\/09\/ruben-horacio-carca-rubi-q-e-p-d\/","title":{"rendered":"Rub\u00e9n Horacio Carca \u201cRubi\u201d (Q.E.P.D.)"},"content":{"rendered":"\n<p>Falleci\u00f3 en Olavarr\u00eda el 8 de marzo de 2025 a los 59 a\u00f1os.<\/p>\n\n\n\n<p>Sus hijos, su mam\u00e1, su hermano, sus sobrinos y dem\u00e1s familiares acompa\u00f1an su fallecimiento.&nbsp;<\/p>\n\n\n\n<p>Velatorio: Espa\u00f1a 2942, Departamento &#8220;D&#8221;. El velatorio comienza este domingo a las 11:30 horas y finaliza a las 17 horas. Responso: Capilla Ardiente. Inhumaci\u00f3n: Cementerio Loma de Paz, lunes 10 de marzo a las 10:30 horas. Servicio adherido a Coopelectric.\u00a0<\/p>\n\n\n\n<p>Barrio en el que viv\u00eda: Barrio Bancario.<\/p>\n\n\n\n<p>Lugar de nacimiento: Nacido en Alberti.<\/p>\n\n\n\n<p>Actividad que desarrollaba: Chofer de Taxi.<\/p>\n","protected":false},"excerpt":{"rendered":"<p>Falleci\u00f3 en Olavarr\u00eda el 8 de marzo de 2025 a los 59 a\u00f1os. Sus hijos, su mam\u00e1, su hermano, sus<\/p>\n","protected":false},"author":6,"featured_media":100390,"comment_status":"closed","ping_status":"closed","sticky":false,"template":"","format":"standard","meta":{"_jetpack_memberships_contains_paid_content":false,"footnotes":""},"categories":[10],"tags":[],"class_list":["post-166107","post","type-post","status-publish","format-standard","has-post-thumbnail","hentry","category-necrologicas"],"jetpack_featured_media_url":"https:\/\/i0.wp.com\/cdnoticias.com\/wp-content\/uploads\/2023\/10\/necrologicas-390-x-240.jpg?fit=390%2C240&ssl=1","jetpack_sharing_enabled":true,"_links":{"self":[{"href":"https:\/\/cdnoticias.com\/index.php\/wp-json\/wp\/v2\/posts\/166107","targetHints":{"allow":["GET"]}}],"collection":[{"href":"https:\/\/cdnoticias.com\/index.php\/wp-json\/wp\/v2\/posts"}],"about":[{"href":"https:\/\/cdnoticias.com\/index.php\/wp-json\/wp\/v2\/types\/post"}],"author":[{"embeddable":true,"href":"https:\/\/cdnoticias.com\/index.php\/wp-json\/wp\/v2\/users\/6"}],"replies":[{"embeddable":true,"href":"https:\/\/cdnoticias.com\/index.php\/wp-json\/wp\/v2\/comments?post=166107"}],"version-history":[{"count":0,"href":"https:\/\/cdnoticias.com\/index.php\/wp-json\/wp\/v2\/posts\/166107\/revisions"}],"wp:featuredmedia":[{"embeddable":true,"href":"https:\/\/cdnoticias.com\/index.php\/wp-json\/wp\/v2\/media\/100390"}],"wp:attachment":[{"href":"https:\/\/cdnoticias.com\/index.php\/wp-json\/wp\/v2\/media?parent=166107"}],"wp:term":[{"taxonomy":"category","embeddable":true,"href":"https:\/\/cdnoticias.com\/index.php\/wp-json\/wp\/v2\/categories?post=166107"},{"taxonomy":"post_tag","embeddable":true,"href":"https:\/\/cdnoticias.com\/index.php\/wp-json\/wp\/v2\/tags?post=166107"}],"curies":[{"name":"wp","href":"https:\/\/api.w.org\/{rel}","templated":true}]}}