{"id":16605,"date":"2021-03-19T13:43:50","date_gmt":"2021-03-19T16:43:50","guid":{"rendered":"http:\/\/www.centraldenoticias.com.ar\/?p=16605"},"modified":"2021-03-19T13:43:50","modified_gmt":"2021-03-19T16:43:50","slug":"amalia-elena-leidi-de-atencio-linda-q-e-p-d","status":"publish","type":"post","link":"https:\/\/cdnoticias.com\/index.php\/2021\/03\/19\/amalia-elena-leidi-de-atencio-linda-q-e-p-d\/","title":{"rendered":"Amalia Elena Leidi de Atencio \u201cLinda\u201d (Q.E.P.D.)"},"content":{"rendered":"<p>Falleci\u00f3 en Olavarr\u00eda el d\u00eda 19 de marzo de 2021 a los 75 a\u00f1os de edad. Su esposo Paulino Atencio, sus hijos Gustavo, Mario, Dar\u00edo y Claudio; sus nietos Oriana, Laureano, Daiana, Melanie, Sof\u00eda, Florencia y Lucio; sus hermanos Carmen, Juana y Reinaldo; sus nueras Alicia, Claudia, Lorena y Graciela y dem\u00e1s deudos participan su fallecimiento.<\/p>\n<p>Sin velatorio. Inhumaci\u00f3n: Cementerio Loma de Paz, viernes 19 de marzo a las 14:30 hs. Servicio adherido a Coopelectric.<\/p>\n","protected":false},"excerpt":{"rendered":"<p>Falleci\u00f3 en Olavarr\u00eda el d\u00eda 19 de marzo de 2021 a los 75 a\u00f1os de edad. Su esposo Paulino Atencio,<\/p>\n","protected":false},"author":4,"featured_media":0,"comment_status":"closed","ping_status":"closed","sticky":false,"template":"","format":"standard","meta":{"_jetpack_memberships_contains_paid_content":false,"footnotes":""},"categories":[10],"tags":[],"class_list":["post-16605","post","type-post","status-publish","format-standard","hentry","category-necrologicas"],"jetpack_featured_media_url":"","jetpack_sharing_enabled":true,"_links":{"self":[{"href":"https:\/\/cdnoticias.com\/index.php\/wp-json\/wp\/v2\/posts\/16605","targetHints":{"allow":["GET"]}}],"collection":[{"href":"https:\/\/cdnoticias.com\/index.php\/wp-json\/wp\/v2\/posts"}],"about":[{"href":"https:\/\/cdnoticias.com\/index.php\/wp-json\/wp\/v2\/types\/post"}],"author":[{"embeddable":true,"href":"https:\/\/cdnoticias.com\/index.php\/wp-json\/wp\/v2\/users\/4"}],"replies":[{"embeddable":true,"href":"https:\/\/cdnoticias.com\/index.php\/wp-json\/wp\/v2\/comments?post=16605"}],"version-history":[{"count":0,"href":"https:\/\/cdnoticias.com\/index.php\/wp-json\/wp\/v2\/posts\/16605\/revisions"}],"wp:attachment":[{"href":"https:\/\/cdnoticias.com\/index.php\/wp-json\/wp\/v2\/media?parent=16605"}],"wp:term":[{"taxonomy":"category","embeddable":true,"href":"https:\/\/cdnoticias.com\/index.php\/wp-json\/wp\/v2\/categories?post=16605"},{"taxonomy":"post_tag","embeddable":true,"href":"https:\/\/cdnoticias.com\/index.php\/wp-json\/wp\/v2\/tags?post=16605"}],"curies":[{"name":"wp","href":"https:\/\/api.w.org\/{rel}","templated":true}]}}