{"id":166031,"date":"2025-03-09T14:35:12","date_gmt":"2025-03-09T17:35:12","guid":{"rendered":"https:\/\/cdnoticias.com\/?p=166031"},"modified":"2025-03-09T14:35:16","modified_gmt":"2025-03-09T17:35:16","slug":"el-colegio-de-nutricionistas-bonaerense-lanza-campana-solidaria-para-bahia-blanca","status":"publish","type":"post","link":"https:\/\/cdnoticias.com\/index.php\/2025\/03\/09\/el-colegio-de-nutricionistas-bonaerense-lanza-campana-solidaria-para-bahia-blanca\/","title":{"rendered":"El Colegio de Nutricionistas bonaerense lanza campa\u00f1a solidaria para Bah\u00eda Blanca"},"content":{"rendered":"\n<p>La instituci\u00f3n est\u00e1 recibiendo agua envasada, ropa de abrigo y alimentos no perecederos en su sede de La Plata.<\/p>\n\n\n\n<hr class=\"wp-block-separator aligncenter has-alpha-channel-opacity\"\/>\n\n\n\n<p>En medio del <a href=\"https:\/\/cdnoticias.com\/index.php\/2025\/03\/07\/bahia-blanca-bajo-agua-220-mm-de-lluvia-decenas-de-evacuados-y-un-hospital-colapsado\/\" target=\"_blank\" rel=\"noreferrer noopener\">fuerte temporal de lluvias y viento que sacudi\u00f3 a Bah\u00eda Blanca,<strong> <\/strong><\/a><strong>el Colegio de Nutricionistas de la Provincia de Buenos Aires comenz\u00f3 una campa\u00f1a solidaria para los damnificados de esa ciudad.<\/strong><\/p>\n\n\n\n<p><\/p>\n\n\n\n<blockquote class=\"wp-block-quote is-layout-flow wp-block-quote-is-layout-flow\">\n<p>En ese sentido, la instituci\u00f3n est\u00e1 recibiendo agua envasada, ropa de abrigo y alimentos no perecederos en su sede, ubicada en la Calle 11 n\u00b01037, entre 53 y 54, Planta Baja, de la ciudad de La Plata. El horario de recepci\u00f3n es de 9 a 14 horas.<\/p>\n<\/blockquote>\n\n\n\n<p><\/p>\n\n\n\n<p>\u201cAcompa\u00f1amos a las familias bahienses que est\u00e1n atravesando este dif\u00edcil momento ocasionado por la tormenta\u201d, expres\u00f3 la presidenta del Colegio, Laura Salzman. \u201c<strong>En especial, estamos a disposici\u00f3n de las y los colegas nutricionistas, servicios hospitalarios y todo el sistema de salud\u201d.<\/strong><\/p>\n\n\n\n<p><\/p>\n\n\n\n<p>En ese sentido, el Colegio invit\u00f3 a toda la comunidad a<strong> sumarse a esta campa\u00f1a solidaria y colaborar <\/strong>con aquellos que m\u00e1s lo necesitan.\u00a0<\/p>\n\n\n\n<p><\/p>\n\n\n\n<p><em>Fuente: DIB<\/em><\/p>\n","protected":false},"excerpt":{"rendered":"<p>La instituci\u00f3n est\u00e1 recibiendo agua envasada, ropa de abrigo y alimentos no perecederos en su sede de La Plata. En<\/p>\n","protected":false},"author":6,"featured_media":166032,"comment_status":"closed","ping_status":"closed","sticky":false,"template":"","format":"standard","meta":{"_jetpack_memberships_contains_paid_content":false,"footnotes":""},"categories":[6,1],"tags":[],"class_list":["post-166031","post","type-post","status-publish","format-standard","has-post-thumbnail","hentry","category-nacionales","category-portada"],"jetpack_featured_media_url":"https:\/\/i0.wp.com\/cdnoticias.com\/wp-content\/uploads\/2025\/03\/colegio-nutricionitas-bahia-blanca.png?fit=691%2C390&ssl=1","jetpack_sharing_enabled":true,"_links":{"self":[{"href":"https:\/\/cdnoticias.com\/index.php\/wp-json\/wp\/v2\/posts\/166031","targetHints":{"allow":["GET"]}}],"collection":[{"href":"https:\/\/cdnoticias.com\/index.php\/wp-json\/wp\/v2\/posts"}],"about":[{"href":"https:\/\/cdnoticias.com\/index.php\/wp-json\/wp\/v2\/types\/post"}],"author":[{"embeddable":true,"href":"https:\/\/cdnoticias.com\/index.php\/wp-json\/wp\/v2\/users\/6"}],"replies":[{"embeddable":true,"href":"https:\/\/cdnoticias.com\/index.php\/wp-json\/wp\/v2\/comments?post=166031"}],"version-history":[{"count":0,"href":"https:\/\/cdnoticias.com\/index.php\/wp-json\/wp\/v2\/posts\/166031\/revisions"}],"wp:featuredmedia":[{"embeddable":true,"href":"https:\/\/cdnoticias.com\/index.php\/wp-json\/wp\/v2\/media\/166032"}],"wp:attachment":[{"href":"https:\/\/cdnoticias.com\/index.php\/wp-json\/wp\/v2\/media?parent=166031"}],"wp:term":[{"taxonomy":"category","embeddable":true,"href":"https:\/\/cdnoticias.com\/index.php\/wp-json\/wp\/v2\/categories?post=166031"},{"taxonomy":"post_tag","embeddable":true,"href":"https:\/\/cdnoticias.com\/index.php\/wp-json\/wp\/v2\/tags?post=166031"}],"curies":[{"name":"wp","href":"https:\/\/api.w.org\/{rel}","templated":true}]}}