{"id":16603,"date":"2021-03-19T13:41:12","date_gmt":"2021-03-19T16:41:12","guid":{"rendered":"http:\/\/www.centraldenoticias.com.ar\/?p=16603"},"modified":"2021-03-19T13:41:12","modified_gmt":"2021-03-19T16:41:12","slug":"carlos-roberto-aguer-q-e-p-d","status":"publish","type":"post","link":"https:\/\/cdnoticias.com\/index.php\/2021\/03\/19\/carlos-roberto-aguer-q-e-p-d\/","title":{"rendered":"Carlos Roberto Aguer (Q.E.P.D.)"},"content":{"rendered":"<p>Falleci\u00f3 en Olavarr\u00eda el d\u00eda 19 de marzo de 2021 a los 71 a\u00f1os de edad. Su esposa Norma Olgu\u00edn; sus hijos Sandra, Carlos, Romina, Daniela, Sebasti\u00e1n y Florencia Aguer; aus nietos, sus nietos pol\u00edticos, sus hermanos y dem\u00e1s deudos participan su fallecimiento.<\/p>\n<p>Velatorio: Sala de Espa\u00f1a 2942 departamento &#8221;D&#8221; a partir de las 6:30 am. Responso: Capilla ardiente. Inhumaci\u00f3n: Cementerio Loma De Paz, s\u00e1bado 20 de marzo a las 8:30 am. Servicio adherido a Coopelectric.<\/p>\n<p>Barrio en el que viv\u00eda: Hip\u00f3lito Irigoyen<\/p>\n<p>Lugar de nacimiento: General Alvear<\/p>\n<p>Actividad que desarrollaba: Jubilado<\/p>\n","protected":false},"excerpt":{"rendered":"<p>Falleci\u00f3 en Olavarr\u00eda el d\u00eda 19 de marzo de 2021 a los 71 a\u00f1os de edad. Su esposa Norma Olgu\u00edn;<\/p>\n","protected":false},"author":4,"featured_media":0,"comment_status":"closed","ping_status":"closed","sticky":false,"template":"","format":"standard","meta":{"_jetpack_memberships_contains_paid_content":false,"footnotes":""},"categories":[10],"tags":[],"class_list":["post-16603","post","type-post","status-publish","format-standard","hentry","category-necrologicas"],"jetpack_featured_media_url":"","jetpack_sharing_enabled":true,"_links":{"self":[{"href":"https:\/\/cdnoticias.com\/index.php\/wp-json\/wp\/v2\/posts\/16603","targetHints":{"allow":["GET"]}}],"collection":[{"href":"https:\/\/cdnoticias.com\/index.php\/wp-json\/wp\/v2\/posts"}],"about":[{"href":"https:\/\/cdnoticias.com\/index.php\/wp-json\/wp\/v2\/types\/post"}],"author":[{"embeddable":true,"href":"https:\/\/cdnoticias.com\/index.php\/wp-json\/wp\/v2\/users\/4"}],"replies":[{"embeddable":true,"href":"https:\/\/cdnoticias.com\/index.php\/wp-json\/wp\/v2\/comments?post=16603"}],"version-history":[{"count":0,"href":"https:\/\/cdnoticias.com\/index.php\/wp-json\/wp\/v2\/posts\/16603\/revisions"}],"wp:attachment":[{"href":"https:\/\/cdnoticias.com\/index.php\/wp-json\/wp\/v2\/media?parent=16603"}],"wp:term":[{"taxonomy":"category","embeddable":true,"href":"https:\/\/cdnoticias.com\/index.php\/wp-json\/wp\/v2\/categories?post=16603"},{"taxonomy":"post_tag","embeddable":true,"href":"https:\/\/cdnoticias.com\/index.php\/wp-json\/wp\/v2\/tags?post=16603"}],"curies":[{"name":"wp","href":"https:\/\/api.w.org\/{rel}","templated":true}]}}