{"id":166027,"date":"2025-03-08T18:02:35","date_gmt":"2025-03-08T21:02:35","guid":{"rendered":"https:\/\/cdnoticias.com\/?p=166027"},"modified":"2025-03-08T18:02:39","modified_gmt":"2025-03-08T21:02:39","slug":"bahia-blanca-elevan-a-al-menos-12-el-numero-de-personas-fallecidas","status":"publish","type":"post","link":"https:\/\/cdnoticias.com\/index.php\/2025\/03\/08\/bahia-blanca-elevan-a-al-menos-12-el-numero-de-personas-fallecidas\/","title":{"rendered":"Bah\u00eda Blanca: elevan a \u201cal menos\u201d 12 el n\u00famero de personas fallecidas"},"content":{"rendered":"\n<p>La nueva cifra fue confirmada por el ministro de Seguridad bonaerense, Javier Alonso. Adem\u00e1s, el ministro de Gobierno bonaerense Carlos Bianco expres\u00f3 que \u201cBah\u00eda Blanca debe ser pr\u00e1cticamente reconstruida\u201d.<\/p>\n\n\n\n<hr class=\"wp-block-separator aligncenter has-alpha-channel-opacity\"\/>\n\n\n\n<p>El ministro de Seguridad,<strong> Javier Alonso, confirm\u00f3 <\/strong>esta tarde <strong>que el n\u00famero de v\u00edctimas fatales por la inundaci\u00f3n de Bah\u00eda Blanca ascendi\u00f3 a 12 personas<\/strong> y anunci\u00f3 que <strong>ya se pudo identificar a siete de los fallecidos.<\/strong><\/p>\n\n\n\n<p><\/p>\n\n\n\n<blockquote class=\"wp-block-quote is-layout-flow wp-block-quote-is-layout-flow\">\n<p>\u201cTenemos 12 personas fallecidas, de las cuales hay siete identificadas y cinco no. A medida que el agua fue bajando y fuimos moviendo sobre todo los autos nos encontramos con diferentes novedades\u201d, apunt\u00f3 el funcionario bonaerense, quien se encuentra en la ciudad junto al gobernador Axel Kicillof.<\/p>\n<\/blockquote>\n\n\n\n<p><\/p>\n\n\n\n<p>En tanto, el ministro de Seguridad bonaerense se refiri\u00f3 al <strong>estado del barrio de Cerri, uno de los m\u00e1s afectados por el temporal<\/strong>.&nbsp;Incluso la mayor cantidad de evacuados son de esa localidad: \u201c<em>El agua descendi\u00f3 mucho ya dentro del barrio, en los fondos queda un poco de agua pero est\u00e1 a nivel bajo, a la altura de los tobillos\u201d,<\/em> precis\u00f3.<\/p>\n\n\n\n<p><\/p>\n\n\n\n<p>Y tras ello advirti\u00f3: \u201cIngeniero White es la localidad m\u00e1s complicada que todav\u00eda acumula mucha agua, esta pegada a la salida al mar, y la pleamar est\u00e1 haciendo que el agua no pueda drenar as\u00ed que esperamos que cuando baje el mar el agua termine de drenarse\u201d, se\u00f1al\u00f3.<\/p>\n\n\n\n<p><\/p>\n\n\n\n<p>Por otra parte, <strong>el ministro de Gobierno bonaerense Carlos Bianco<\/strong> expres\u00f3 que <strong>\u201cBah\u00eda Blanca debe ser pr\u00e1cticamente reconstruida\u201d.<\/strong> Asimismo, destac\u00f3 la coordinaci\u00f3n entre los Gobiernos nacional y provincial para capear el desastre meteorol\u00f3gico.<\/p>\n\n\n\n<p><\/p>\n\n\n\n<blockquote class=\"wp-block-quote is-layout-flow wp-block-quote-is-layout-flow\">\n<p>\u201cSe est\u00e1 colaborando entre los Gobiernos nacional y provincial por el temporal de Bah\u00eda Blanca, poniendo a disposici\u00f3n recursos. B\u00e1sicamente hay que reconstruir una ciudad, hay personas que perdieron todo\u201c, dijo Bianco en declaraciones a Futurock FM.<\/p>\n<\/blockquote>\n\n\n\n<p><\/p>\n\n\n\n<p>\u201cEstamos empezando ese <strong>proceso de reconstrucci\u00f3n, refacci\u00f3n, entrega de materiales, de alimentos<\/strong>, porque obviamente tambi\u00e9n tuvimos problemas para la distribuci\u00f3n de alimentos porque los negocios en <strong>los comercios tambi\u00e9n perdieron todo.<\/strong> Es un proceso doloroso, triste, muy costoso, pero bueno, estamos con el Gobierno provincial, el gobernador en persona, recorriendo la zona y trabajando para que sea lo menos grave posible\u201d, a\u00f1adi\u00f3 el funcionario.<\/p>\n\n\n\n<p><\/p>\n\n\n\n<p>Sin embargo, <strong>Bianco dispar\u00f3 en contra del presidente<\/strong>: \u201c<strong><em>Lo digo p\u00fablicamente, hemos trabajado bien con el jefe de Gabinete, con la ministra de Seguridad, con el ministro de Defensa (Luis Petri), con la ministra de Capital Humano. Pero Milei siempre parece que est\u00e1 en otra p\u00e1gina, en otro registro\u201d<\/em><\/strong> cerr\u00f3.&nbsp;<\/p>\n\n\n\n<p><\/p>\n\n\n\n<p><em>Fuente: DIB <\/em><\/p>\n\n\n\n<p><\/p>\n","protected":false},"excerpt":{"rendered":"<p>La nueva cifra fue confirmada por el ministro de Seguridad bonaerense, Javier Alonso. Adem\u00e1s, el ministro de Gobierno bonaerense Carlos<\/p>\n","protected":false},"author":6,"featured_media":166028,"comment_status":"closed","ping_status":"closed","sticky":false,"template":"","format":"standard","meta":{"_jetpack_memberships_contains_paid_content":false,"footnotes":""},"categories":[6,1],"tags":[],"class_list":["post-166027","post","type-post","status-publish","format-standard","has-post-thumbnail","hentry","category-nacionales","category-portada"],"jetpack_featured_media_url":"https:\/\/i0.wp.com\/cdnoticias.com\/wp-content\/uploads\/2025\/03\/Bahia-696x344-1.jpg?fit=696%2C344&ssl=1","jetpack_sharing_enabled":true,"_links":{"self":[{"href":"https:\/\/cdnoticias.com\/index.php\/wp-json\/wp\/v2\/posts\/166027","targetHints":{"allow":["GET"]}}],"collection":[{"href":"https:\/\/cdnoticias.com\/index.php\/wp-json\/wp\/v2\/posts"}],"about":[{"href":"https:\/\/cdnoticias.com\/index.php\/wp-json\/wp\/v2\/types\/post"}],"author":[{"embeddable":true,"href":"https:\/\/cdnoticias.com\/index.php\/wp-json\/wp\/v2\/users\/6"}],"replies":[{"embeddable":true,"href":"https:\/\/cdnoticias.com\/index.php\/wp-json\/wp\/v2\/comments?post=166027"}],"version-history":[{"count":0,"href":"https:\/\/cdnoticias.com\/index.php\/wp-json\/wp\/v2\/posts\/166027\/revisions"}],"wp:featuredmedia":[{"embeddable":true,"href":"https:\/\/cdnoticias.com\/index.php\/wp-json\/wp\/v2\/media\/166028"}],"wp:attachment":[{"href":"https:\/\/cdnoticias.com\/index.php\/wp-json\/wp\/v2\/media?parent=166027"}],"wp:term":[{"taxonomy":"category","embeddable":true,"href":"https:\/\/cdnoticias.com\/index.php\/wp-json\/wp\/v2\/categories?post=166027"},{"taxonomy":"post_tag","embeddable":true,"href":"https:\/\/cdnoticias.com\/index.php\/wp-json\/wp\/v2\/tags?post=166027"}],"curies":[{"name":"wp","href":"https:\/\/api.w.org\/{rel}","templated":true}]}}