{"id":166007,"date":"2025-03-09T13:30:02","date_gmt":"2025-03-09T16:30:02","guid":{"rendered":"https:\/\/cdnoticias.com\/?p=166007"},"modified":"2025-03-09T13:30:51","modified_gmt":"2025-03-09T16:30:51","slug":"con-las-negociaciones-para-eliminarlas-empantanadas-proponen-que-las-paso-sean-optativas","status":"publish","type":"post","link":"https:\/\/cdnoticias.com\/index.php\/2025\/03\/09\/con-las-negociaciones-para-eliminarlas-empantanadas-proponen-que-las-paso-sean-optativas\/","title":{"rendered":"Con las negociaciones para eliminarlas empantanadas, proponen que las PASO sean optativas"},"content":{"rendered":"<p>Es un proyecto del senador Marcelo Daletto en la Legislatura. Busca una diagonal entre quienes quieren eliminar las primarias y quienes buscan sostenerlas.<!--more--><\/p>\n<hr \/>\n<p>El <strong>senador opositor Marcelo Daletto<\/strong> present\u00f3 un <strong>proyecto para que las elecciones primarias sean optativas en la Provincia este a\u00f1o<\/strong>, como una v\u00eda para superar la interna en el oficialismo que mantiene por ahora <strong>paralizadas las negociaciones para suspenderlas o eliminarlas<\/strong>, como <a href=\"https:\/\/cdnoticias.com\/index.php\/2025\/03\/07\/kicillof-la-seguridad-de-los-bonaerenses-no-puede-depender-de-los-caprichos-de-un-presidente-desertor\/\" target=\"_blank\" rel=\"noopener\">pidi\u00f3 el gobernador Axel Kicillof.<\/a><\/p>\n<p><strong>Daletto admiti\u00f3 que tanto quienes sostener las PASO como quieren eliminarles tienen \u201cargumentos v\u00e1lidos\u201d para esgrimir<\/strong>. Esa grieta abarca a varios bloques en la Legislatura, pero sobre todo a UxP: <strong>mientras el kicillofismo y el massismo se pronunciaron por quitarlas, el camporismo pretende dejarlas<\/strong>.<\/p>\n<p>Aunque <strong>el sector que conduce M\u00e1ximo Kirchner evit\u00f3 por ahora definiciones p\u00fablicas<\/strong>, en el oficialismo interpretan el silencio que mantienen a\u00fan despu\u00e9s del pronunciamiento p\u00fablico de Kicillof en contra de esa posibilidad como un rechazo. Y esa desavenencia congela por ahora el tratamiento de las iniciativas para suspenderlas, entre ellas uno del diputado massista Rub\u00e9n Eslaiman que tiene estado parlamentario.<\/p>\n<p><strong>Daletto busc\u00f3 una diagonal entre ambas posiciones<\/strong>, que tambi\u00e9n dividen aguas en la <strong>UCR y el PRO<\/strong>, y present\u00f3 <strong>un proyecto para que no sean elecciones obligatorias.<\/strong><\/p>\n<blockquote><p>\u201cHay argumentos v\u00e1lidos tanto para eliminarlas, como para mantenerlas tal cual est\u00e1n en la actualidad. Quienes quieren eliminarlas, argumentan que la gente no tiene inter\u00e9s en votar tantas veces, que obliga a la participaci\u00f3n de frentes electorales que no tienen internas, que convierte a la segunda elecci\u00f3n en un ballotage y un gasto innecesario. Por otro lado, quienes defienden mantener las PASO, sostienen que es importante la participaci\u00f3n ciudadana, que mejora la calidad de los candidatos y que nos alejan del \u00b4clientelismo electoral\u00b4. Nuestra propuesta da una respuesta positiva a cada uno de estos argumentos\u201d, dijo el senador de UCR + Cambio Federal.<\/p><\/blockquote>\n<p>\u201cFrente a que los ciudadanos no quieren participar en tantas elecciones entendiendo la obligatoriedad para una elecci\u00f3n donde se eligen a nuestros representantes y para que no sea as\u00ed cuando se eligen a los candidatos de los frentes electorales, <strong>el voto voluntario ser\u00eda la soluci\u00f3n a este reclamo\u201d<\/strong>, asever\u00f3 Daletto.<\/p>\n<p>Y continu\u00f3: \u201cReconocemos que sea innecesaria la participaci\u00f3n en una primaria de aquellos frentes electorales que no tengan internas y que se los obligue a participar los lleva a un desgaste f\u00edsico y econ\u00f3mico. Por eso la propuesta, es <strong>que participen solo los frentes electorales que tengan interna<\/strong> y que el resto vaya directamente a la elecci\u00f3n general\u201d.<\/p>\n<p><strong>\u201cLos gastos de la pol\u00edtica deben ser austeros y transparentes, pero no por ello debemos llegar al punto de eliminar las elecciones y la democracia<\/strong>; como dijo el Senador Nacional Maximiliano Abad \u201ccircunscribir las PASO solamente a una cuesti\u00f3n econ\u00f3mica tiene que ver con ponerle precio a la democracia, con tarifar la democracia en la Argentina\u201d, a\u00f1adi\u00f3 el senador.<\/p>\n<p>\u201cQuienes est\u00e1n a favor de mantener las PASO vigentes, sostienen que las mismas mejoran la calidad de los candidatos y la oferta electoral porque la masividad de votantes nos aleja del clientelismo pol\u00edtico. Por eso, entendemos que la voluntariedad del elector reducir\u00e1 la cantidad de votantes pero con la participaci\u00f3n de la mitad o un tercio de los electores es suficiente para elegir a candidatos de calidad en cada frente\u201d, finaliz\u00f3.<\/p>\n<p>Fuente: <em>Agencia DIB<\/em><\/p>\n","protected":false},"excerpt":{"rendered":"<p>Es un proyecto del senador Marcelo Daletto en la Legislatura. Busca una diagonal entre quienes quieren eliminar las primarias y<\/p>\n","protected":false},"author":4,"featured_media":166008,"comment_status":"closed","ping_status":"closed","sticky":false,"template":"","format":"standard","meta":{"_jetpack_memberships_contains_paid_content":false,"footnotes":""},"categories":[6,1],"tags":[],"class_list":["post-166007","post","type-post","status-publish","format-standard","has-post-thumbnail","hentry","category-nacionales","category-portada"],"jetpack_featured_media_url":"https:\/\/i0.wp.com\/cdnoticias.com\/wp-content\/uploads\/2025\/03\/DIB-senador-marcelo-daletto.jpg?fit=629%2C420&ssl=1","jetpack_sharing_enabled":true,"_links":{"self":[{"href":"https:\/\/cdnoticias.com\/index.php\/wp-json\/wp\/v2\/posts\/166007","targetHints":{"allow":["GET"]}}],"collection":[{"href":"https:\/\/cdnoticias.com\/index.php\/wp-json\/wp\/v2\/posts"}],"about":[{"href":"https:\/\/cdnoticias.com\/index.php\/wp-json\/wp\/v2\/types\/post"}],"author":[{"embeddable":true,"href":"https:\/\/cdnoticias.com\/index.php\/wp-json\/wp\/v2\/users\/4"}],"replies":[{"embeddable":true,"href":"https:\/\/cdnoticias.com\/index.php\/wp-json\/wp\/v2\/comments?post=166007"}],"version-history":[{"count":0,"href":"https:\/\/cdnoticias.com\/index.php\/wp-json\/wp\/v2\/posts\/166007\/revisions"}],"wp:featuredmedia":[{"embeddable":true,"href":"https:\/\/cdnoticias.com\/index.php\/wp-json\/wp\/v2\/media\/166008"}],"wp:attachment":[{"href":"https:\/\/cdnoticias.com\/index.php\/wp-json\/wp\/v2\/media?parent=166007"}],"wp:term":[{"taxonomy":"category","embeddable":true,"href":"https:\/\/cdnoticias.com\/index.php\/wp-json\/wp\/v2\/categories?post=166007"},{"taxonomy":"post_tag","embeddable":true,"href":"https:\/\/cdnoticias.com\/index.php\/wp-json\/wp\/v2\/tags?post=166007"}],"curies":[{"name":"wp","href":"https:\/\/api.w.org\/{rel}","templated":true}]}}