{"id":165984,"date":"2025-03-07T20:33:27","date_gmt":"2025-03-07T23:33:27","guid":{"rendered":"https:\/\/cdnoticias.com\/?p=165984"},"modified":"2025-03-07T20:33:30","modified_gmt":"2025-03-07T23:33:30","slug":"kicillof-por-tierra-viajo-a-bahia-blanca-para-recorrer-la-zona-tras-el-tragico-temporal","status":"publish","type":"post","link":"https:\/\/cdnoticias.com\/index.php\/2025\/03\/07\/kicillof-por-tierra-viajo-a-bahia-blanca-para-recorrer-la-zona-tras-el-tragico-temporal\/","title":{"rendered":"Kicillof, por tierra, viaj\u00f3 a Bah\u00eda Blanca para recorrer la zona tras el tr\u00e1gico temporal"},"content":{"rendered":"\n<p>\u201cNo hay condiciones de vuelo para llegar v\u00eda a\u00e9rea\u201d informaron. Se especul\u00f3 con un paso por Olavarr\u00eda pero las condiciones clim\u00e1ticas lo impidieron. Petri y Bullrich tambi\u00e9n viajaron.<\/p>\n\n\n\n<hr class=\"wp-block-separator aligncenter has-alpha-channel-opacity\"\/>\n\n\n\n<p>Durante la jornada de este viernes,<strong> el Gobernador Axel Kicillof viaj\u00f3, por tierra, a Bah\u00eda Blanca, para recorrer y estar presente en el despliegue de contenci\u00f3n en la zona, tras el fuerte temporal de lluvia que caus\u00f3 una inundaci\u00f3n sin precedentes en la ciudad y en la localidad de Daniel Cerri.<\/strong><\/p>\n\n\n\n<p><strong>Sali\u00f3 para Bah\u00eda Blanca alrededor de las 15:00 horas <\/strong>y se traslad\u00f3 por ruta 3. Incluso, tuvo un paso por Azul dado que \u201cno hay condiciones de vuelo para llegar v\u00eda a\u00e9rea\u201d.<\/p>\n\n\n\n<p>De hecho, <strong>se especul\u00f3 con un paso por Olavarr\u00eda tras aterrizar en el aer\u00f3dromo local, pero finalmente se descart\u00f3 la opci\u00f3n por el alerta naranja que azot\u00f3 a la ciudad y la regi\u00f3n.<\/strong><\/p>\n\n\n\n<p>En paralelo, <strong>el presidente Javier Milei cancel\u00f3 su viaje a Mendoza<\/strong>, donde hab\u00eda sido invitado por el gobernador Alfredo Cornejo para participar en un almuerzo en el marco de la Fiesta de la Vendimia. La decisi\u00f3n se tom\u00f3 a \u00faltimo momento, debido a las tr\u00e1gicas inundaciones en Bah\u00eda Blanca y la regi\u00f3n.<\/p>\n\n\n\n<p>Asimismo,<strong> los ministros de Defensa, Luis Petri, y de Seguridad, Patricia Bullrich, tambi\u00e9n viajaron a Bah\u00eda Blanca para supervisar las tareas de ayuda y rescate.<\/strong><\/p>\n\n\n\n<p><em>Con informaci\u00f3n de DIB. <\/em><\/p>\n\n\n\n<p><\/p>\n","protected":false},"excerpt":{"rendered":"<p>\u201cNo hay condiciones de vuelo para llegar v\u00eda a\u00e9rea\u201d informaron. Se especul\u00f3 con un paso por Olavarr\u00eda pero las condiciones<\/p>\n","protected":false},"author":2,"featured_media":165985,"comment_status":"closed","ping_status":"closed","sticky":false,"template":"","format":"standard","meta":{"_jetpack_memberships_contains_paid_content":false,"footnotes":""},"categories":[6,1],"tags":[],"class_list":["post-165984","post","type-post","status-publish","format-standard","has-post-thumbnail","hentry","category-nacionales","category-portada"],"jetpack_featured_media_url":"https:\/\/i0.wp.com\/cdnoticias.com\/wp-content\/uploads\/2025\/03\/lluvia_bahia.jpg?fit=841%2C544&ssl=1","jetpack_sharing_enabled":true,"_links":{"self":[{"href":"https:\/\/cdnoticias.com\/index.php\/wp-json\/wp\/v2\/posts\/165984","targetHints":{"allow":["GET"]}}],"collection":[{"href":"https:\/\/cdnoticias.com\/index.php\/wp-json\/wp\/v2\/posts"}],"about":[{"href":"https:\/\/cdnoticias.com\/index.php\/wp-json\/wp\/v2\/types\/post"}],"author":[{"embeddable":true,"href":"https:\/\/cdnoticias.com\/index.php\/wp-json\/wp\/v2\/users\/2"}],"replies":[{"embeddable":true,"href":"https:\/\/cdnoticias.com\/index.php\/wp-json\/wp\/v2\/comments?post=165984"}],"version-history":[{"count":0,"href":"https:\/\/cdnoticias.com\/index.php\/wp-json\/wp\/v2\/posts\/165984\/revisions"}],"wp:featuredmedia":[{"embeddable":true,"href":"https:\/\/cdnoticias.com\/index.php\/wp-json\/wp\/v2\/media\/165985"}],"wp:attachment":[{"href":"https:\/\/cdnoticias.com\/index.php\/wp-json\/wp\/v2\/media?parent=165984"}],"wp:term":[{"taxonomy":"category","embeddable":true,"href":"https:\/\/cdnoticias.com\/index.php\/wp-json\/wp\/v2\/categories?post=165984"},{"taxonomy":"post_tag","embeddable":true,"href":"https:\/\/cdnoticias.com\/index.php\/wp-json\/wp\/v2\/tags?post=165984"}],"curies":[{"name":"wp","href":"https:\/\/api.w.org\/{rel}","templated":true}]}}