{"id":165974,"date":"2025-03-08T12:16:50","date_gmt":"2025-03-08T15:16:50","guid":{"rendered":"https:\/\/cdnoticias.com\/?p=165974"},"modified":"2025-03-08T13:04:29","modified_gmt":"2025-03-08T16:04:29","slug":"este-sabado-marcha-por-el-8m-en-olavarria","status":"publish","type":"post","link":"https:\/\/cdnoticias.com\/index.php\/2025\/03\/08\/este-sabado-marcha-por-el-8m-en-olavarria\/","title":{"rendered":"Este s\u00e1bado, marcha por el 8M en Olavarr\u00eda"},"content":{"rendered":"\n<p>Comenzar\u00e1 a las 19.30 horas desde Belgrano y Brown con feria y festival. \u201cMarchamos contra el fascismo, el racismo y la estafa\u201d expresaron desde la Asamblea Feminista y Disidente.<\/p>\n\n\n\n<hr class=\"wp-block-separator aligncenter has-alpha-channel-opacity\"\/>\n\n\n\n<p>Este <strong>s\u00e1bado 8 de marzo <\/strong>se llevar\u00e1 a cabo una<strong> nueva marcha en Olavarr\u00eda<\/strong> organizada por la <strong>Asamblea Feminista y Disidente.<\/strong><\/p>\n\n\n\n<p><\/p>\n\n\n\n<p>Desde la Asamblea expresaron que \u201c<strong>el<em> 8M tenemos que llenar las calles. Contra los discursos de odio, el fascismo y la violencia del Gobierno Nacional hacia feminismos y diversidades\u201d.\u00a0<\/em><\/strong><\/p>\n\n\n\n<p><\/p>\n\n\n\n<blockquote class=\"wp-block-quote is-layout-flow wp-block-quote-is-layout-flow\">\n<p>Asimismo agregaron: \u201cPorque cada 26 horas nos siguen matando, mientras desde el Estado niegan los femicidios y la violencia de g\u00e9nero en todas sus formas\u201d.<\/p>\n<\/blockquote>\n\n\n\n<p><\/p>\n\n\n\n<p>Entre las consignas, resaltaron que la marcha es en \u201c<strong>contra el desfinanciamiento de pol\u00edticas p\u00fablicas de salud sexual y violencia de g\u00e9nero&nbsp; y la amenaza constante de quitarnos derechos conquistados. Porque defendemos la ESI. Contra el ajuste y el incremento de la feminizaci\u00f3n de la pobreza\u201d.&nbsp;<\/strong><\/p>\n\n\n\n<p><\/p>\n\n\n\n<blockquote class=\"wp-block-quote is-layout-flow wp-block-quote-is-layout-flow\">\n<p>\u201cTambi\u00e9n porque entendemos que el super\u00e1vit fiscal es una falacia y es parte de una econom\u00eda violenta y a costa de les jubilades. Por la continuidad de la moratoria previsional. Contra el ecocidio de nuestros territorios\u201d sostuvieron.&nbsp;<\/p>\n<\/blockquote>\n\n\n\n<p><\/p>\n\n\n\n<p>Por \u00faltimo sostuvieron: \u201c<strong><em>Salimos a las calles, porque reafirmamos cada uno de los derechos conquistados. El 8M reventamos las calles para decirle basta de saqueo a este gobierno fascista, racista y ajustador\u201d.&nbsp;<\/em><\/strong><\/p>\n\n\n\n<p><\/p>\n\n\n\n<p class=\"has-medium-font-size\"><strong>Cronograma completo<\/strong><\/p>\n\n\n\n<ul class=\"wp-block-list\">\n<li>18.30 horas: feria y festival en Belgrano y Brown<\/li>\n<\/ul>\n\n\n\n<ul class=\"wp-block-list\">\n<li>19.30 horas: marcha<\/li>\n<\/ul>\n\n\n\n<p><\/p>\n","protected":false},"excerpt":{"rendered":"<p>Comenzar\u00e1 a las 19.30 horas desde Belgrano y Brown con feria y festival. \u201cMarchamos contra el fascismo, el racismo y<\/p>\n","protected":false},"author":6,"featured_media":110726,"comment_status":"closed","ping_status":"closed","sticky":false,"template":"","format":"standard","meta":{"_jetpack_memberships_contains_paid_content":false,"footnotes":""},"categories":[3,1],"tags":[],"class_list":["post-165974","post","type-post","status-publish","format-standard","has-post-thumbnail","hentry","category-genero","category-portada"],"jetpack_featured_media_url":"https:\/\/i0.wp.com\/cdnoticias.com\/wp-content\/uploads\/2024\/03\/8m-2024-olavarria8.jpg?fit=906%2C504&ssl=1","jetpack_sharing_enabled":true,"_links":{"self":[{"href":"https:\/\/cdnoticias.com\/index.php\/wp-json\/wp\/v2\/posts\/165974","targetHints":{"allow":["GET"]}}],"collection":[{"href":"https:\/\/cdnoticias.com\/index.php\/wp-json\/wp\/v2\/posts"}],"about":[{"href":"https:\/\/cdnoticias.com\/index.php\/wp-json\/wp\/v2\/types\/post"}],"author":[{"embeddable":true,"href":"https:\/\/cdnoticias.com\/index.php\/wp-json\/wp\/v2\/users\/6"}],"replies":[{"embeddable":true,"href":"https:\/\/cdnoticias.com\/index.php\/wp-json\/wp\/v2\/comments?post=165974"}],"version-history":[{"count":0,"href":"https:\/\/cdnoticias.com\/index.php\/wp-json\/wp\/v2\/posts\/165974\/revisions"}],"wp:featuredmedia":[{"embeddable":true,"href":"https:\/\/cdnoticias.com\/index.php\/wp-json\/wp\/v2\/media\/110726"}],"wp:attachment":[{"href":"https:\/\/cdnoticias.com\/index.php\/wp-json\/wp\/v2\/media?parent=165974"}],"wp:term":[{"taxonomy":"category","embeddable":true,"href":"https:\/\/cdnoticias.com\/index.php\/wp-json\/wp\/v2\/categories?post=165974"},{"taxonomy":"post_tag","embeddable":true,"href":"https:\/\/cdnoticias.com\/index.php\/wp-json\/wp\/v2\/tags?post=165974"}],"curies":[{"name":"wp","href":"https:\/\/api.w.org\/{rel}","templated":true}]}}