{"id":165958,"date":"2025-03-07T16:48:39","date_gmt":"2025-03-07T19:48:39","guid":{"rendered":"https:\/\/cdnoticias.com\/?p=165958"},"modified":"2025-03-07T16:48:42","modified_gmt":"2025-03-07T19:48:42","slug":"temporal-historico-en-bahia-blanca-se-elevan-a-seis-los-muertos-y-se-aceleran-los-operativos-de-contencion","status":"publish","type":"post","link":"https:\/\/cdnoticias.com\/index.php\/2025\/03\/07\/temporal-historico-en-bahia-blanca-se-elevan-a-seis-los-muertos-y-se-aceleran-los-operativos-de-contencion\/","title":{"rendered":"Temporal hist\u00f3rico en Bah\u00eda Blanca: se elevan a seis los muertos y se aceleran los operativos de contenci\u00f3n"},"content":{"rendered":"\n<p>El Municipio confirm\u00f3 la novedad y pidi\u00f3 extremar a\u00fan m\u00e1s los cuidados mientras trabajan los equipos de rescate. Las rutas colapsadas y algunas con severas roturas. No hay actividades.<\/p>\n\n\n\n<hr class=\"wp-block-separator aligncenter has-alpha-channel-opacity\"\/>\n\n\n\n<p><strong>Bah\u00eda Blanca sufri\u00f3 este viernes un temporal de lluvias intensas que dej\u00f3 al menos seis v\u00edctimas fatales y oblig\u00f3 a la evacuaci\u00f3n de unas 60 familias<\/strong>. La emergencia clim\u00e1tica caus\u00f3 el cese total de actividades y la suspensi\u00f3n de servicios, mientras<strong> el Hospital Interzonal Dr. Jos\u00e9 Penna debi\u00f3 ser evacuado debido a la inundaci\u00f3n de su subsuelo. <\/strong>Pasado el mediod\u00eda, las precipitaciones superaban los 250 mil\u00edmetros, <strong>una cifra equivalente a varios meses de lluvias en la regi\u00f3n.<\/strong><\/p>\n\n\n\n<p>Seg\u00fan inform\u00f3 <strong>La Nueva, una de las v\u00edctimas fue hallada en la v\u00eda p\u00fablica, en la intersecci\u00f3n de Paroissien y Rawson. Otras cuatro personas fallecieron en la zona de Sarmiento al 1000, mientras que el sexto deceso ocurri\u00f3 en General Daniel Cerri.<\/strong><\/p>\n\n\n\n<p>Durante la ma\u00f1ana, <strong>las l\u00edneas de emergencia operaron al l\u00edmite por la cantidad de pedidos de asistencia. Vecinos afectados recurrieron a las redes sociales para solicitar ayuda ante el avance del agua.<\/strong><\/p>\n\n\n\n<p>El Hospital Interzonal Penna colaps\u00f3 por la acumulaci\u00f3n de agua en su subsuelo, lo que oblig\u00f3 a trasladar a los pacientes de neonatolog\u00eda al hospital Municipal, e <strong>incluso algunos fueron derivados a Olavarr\u00eda, tal como se confirm\u00f3 en conferencia de prensa este mediod\u00eda. M\u00e9dicos, enfermeros y residentes trabajaron en la evacuaci\u00f3n y reorganizaci\u00f3n de las atenciones.<\/strong><\/p>\n\n\n\n<p><strong>El Municipio dispuso la suspensi\u00f3n de actividades en centros de d\u00eda, programas sociales, clubes e instituciones deportivas, adem\u00e1s de restringir la circulaci\u00f3n en parques y espacios p\u00fablicos. <\/strong>El transporte urbano qued\u00f3 paralizado y Vialidad Nacional suspendi\u00f3 actividades a cielo abierto, manteniendo guardias para atender emergencias.<\/p>\n\n\n\n<p>Para asistir a los damnificados, <strong>se habilitaron centros de evacuaci\u00f3n en distintos puntos de la ciudad y en General Daniel Cerri. \u201cEn virtud de la emergencia clim\u00e1tica y con la finalidad de tutelar la seguridad de los vecinos, el Municipio de Bah\u00eda Blanca dispone el cese absoluto de actividades de todo tipo hasta nuevo aviso\u201d<\/strong>, informaron las autoridades locales.<\/p>\n\n\n\n<p><strong>Se recomend\u00f3 a la poblaci\u00f3n permanecer en sus hogares, evitar la manipulaci\u00f3n de cables y no realizar tareas de limpieza en la v\u00eda p\u00fablica para prevenir accidentes. <\/strong>El intendente Federico Susbielles coordina desde el Centro \u00danico de Monitoreo las acciones de emergencia, con la participaci\u00f3n de Defensa Civil, Delegaciones, Sapem Ambiental y Tr\u00e1nsito.<\/p>\n\n\n\n<p><strong>Ante la alerta roja emitida por el Servicio Meteorol\u00f3gico Nacional, Vialidad Nacional inst\u00f3 a evitar la circulaci\u00f3n por las rutas nacionales 3, 33, 35, 22, 252, 249 y 229, todas afectadas por las condiciones clim\u00e1ticas adversas. <\/strong>La medida busca resguardar la seguridad de los usuarios hasta que mejoren las condiciones meteorol\u00f3gicas.<\/p>\n","protected":false},"excerpt":{"rendered":"<p>El Municipio confirm\u00f3 la novedad y pidi\u00f3 extremar a\u00fan m\u00e1s los cuidados mientras trabajan los equipos de rescate. Las rutas<\/p>\n","protected":false},"author":2,"featured_media":165959,"comment_status":"closed","ping_status":"closed","sticky":false,"template":"","format":"standard","meta":{"_jetpack_memberships_contains_paid_content":false,"footnotes":""},"categories":[6,1],"tags":[],"class_list":["post-165958","post","type-post","status-publish","format-standard","has-post-thumbnail","hentry","category-nacionales","category-portada"],"jetpack_featured_media_url":"https:\/\/i0.wp.com\/cdnoticias.com\/wp-content\/uploads\/2025\/03\/temporal-en-bahia-blanca-1980117.jpg?fit=1300%2C731&ssl=1","jetpack_sharing_enabled":true,"_links":{"self":[{"href":"https:\/\/cdnoticias.com\/index.php\/wp-json\/wp\/v2\/posts\/165958","targetHints":{"allow":["GET"]}}],"collection":[{"href":"https:\/\/cdnoticias.com\/index.php\/wp-json\/wp\/v2\/posts"}],"about":[{"href":"https:\/\/cdnoticias.com\/index.php\/wp-json\/wp\/v2\/types\/post"}],"author":[{"embeddable":true,"href":"https:\/\/cdnoticias.com\/index.php\/wp-json\/wp\/v2\/users\/2"}],"replies":[{"embeddable":true,"href":"https:\/\/cdnoticias.com\/index.php\/wp-json\/wp\/v2\/comments?post=165958"}],"version-history":[{"count":0,"href":"https:\/\/cdnoticias.com\/index.php\/wp-json\/wp\/v2\/posts\/165958\/revisions"}],"wp:featuredmedia":[{"embeddable":true,"href":"https:\/\/cdnoticias.com\/index.php\/wp-json\/wp\/v2\/media\/165959"}],"wp:attachment":[{"href":"https:\/\/cdnoticias.com\/index.php\/wp-json\/wp\/v2\/media?parent=165958"}],"wp:term":[{"taxonomy":"category","embeddable":true,"href":"https:\/\/cdnoticias.com\/index.php\/wp-json\/wp\/v2\/categories?post=165958"},{"taxonomy":"post_tag","embeddable":true,"href":"https:\/\/cdnoticias.com\/index.php\/wp-json\/wp\/v2\/tags?post=165958"}],"curies":[{"name":"wp","href":"https:\/\/api.w.org\/{rel}","templated":true}]}}