{"id":165878,"date":"2025-03-07T10:17:40","date_gmt":"2025-03-07T13:17:40","guid":{"rendered":"https:\/\/cdnoticias.com\/?p=165878"},"modified":"2025-03-07T11:03:00","modified_gmt":"2025-03-07T14:03:00","slug":"el-intendente-de-olavarria-decreto-asueto-para-este-viernes","status":"publish","type":"post","link":"https:\/\/cdnoticias.com\/index.php\/2025\/03\/07\/el-intendente-de-olavarria-decreto-asueto-para-este-viernes\/","title":{"rendered":"El Intendente de Olavarr\u00eda decret\u00f3 asueto para este viernes"},"content":{"rendered":"\n<p>Rige desde las 12:00 para todo el Partido. Se recomienda no circular y cancelar todo tipo de actividades.<\/p>\n\n\n\n<hr class=\"wp-block-separator has-alpha-channel-opacity\"\/>\n\n\n\n<p>Este viernes el intendente Maximiliano Wesner <strong>decret\u00f3 asueto a partir de las 12:00 para todo el Partido de Olavarr\u00eda<\/strong>, teniendo en cuenta las alertas meteorol\u00f3gicas para nuestra ciudad y la situaci\u00f3n de Bah\u00eda Blanca y la regi\u00f3n.<\/p>\n\n\n\n<p><\/p>\n\n\n\n<blockquote class=\"wp-block-quote is-layout-flow wp-block-quote-is-layout-flow\">\n<p>Se recomend\u00f3 expresamente \u201cno circular, no sacar basura, guardar los autos, cancelar todo tipo de actividades y tener a disposici\u00f3n tel\u00e9fonos de emergencia\u201d.<\/p>\n<\/blockquote>\n\n\n\n<p><\/p>\n\n\n\n<p>Adem\u00e1s, se\u00f1al\u00f3 que <strong>\u201cel transporte p\u00fablico funcionar\u00e1 hasta las 14:00 para que las personas puedan regresar a sus hogares. El \u00faltimo colectivo del transporte interurbano saldr\u00e1 a las 13:00\u201d.<\/strong><\/p>\n\n\n\n<p><\/p>\n\n\n\n<figure class=\"wp-block-embed is-type-wp-embed is-provider-central-de-noticias-olavarr-a wp-block-embed-central-de-noticias-olavarr-a\"><div class=\"wp-block-embed__wrapper\">\n<blockquote class=\"wp-embedded-content\" data-secret=\"e4x5jsnt2I\"><a href=\"https:\/\/cdnoticias.com\/index.php\/2025\/03\/06\/alerta-naranja-por-tormentas-para-la-tarde-del-viernes\/\">Alerta naranja por tormentas para la tarde del viernes<\/a><\/blockquote><iframe loading=\"lazy\" class=\"wp-embedded-content\" sandbox=\"allow-scripts\" security=\"restricted\" style=\"position: absolute; visibility: hidden;\" title=\"&#8220;Alerta naranja por tormentas para la tarde del viernes&#8221; &#8212; Central de Noticias | Olavarr\u00eda\" src=\"https:\/\/cdnoticias.com\/index.php\/2025\/03\/06\/alerta-naranja-por-tormentas-para-la-tarde-del-viernes\/embed\/#?secret=Yt0cWaLYad#?secret=e4x5jsnt2I\" data-secret=\"e4x5jsnt2I\" width=\"600\" height=\"338\" frameborder=\"0\" marginwidth=\"0\" marginheight=\"0\" scrolling=\"no\"><\/iframe>\n<\/div><\/figure>\n","protected":false},"excerpt":{"rendered":"<p>Rige desde las 12:00 para todo el Partido. Se recomienda no circular y cancelar todo tipo de actividades. Este viernes<\/p>\n","protected":false},"author":5,"featured_media":165844,"comment_status":"closed","ping_status":"closed","sticky":false,"template":"","format":"standard","meta":{"_jetpack_memberships_contains_paid_content":false,"footnotes":""},"categories":[5,1],"tags":[],"class_list":["post-165878","post","type-post","status-publish","format-standard","has-post-thumbnail","hentry","category-informacion-general","category-portada"],"jetpack_featured_media_url":"https:\/\/i0.wp.com\/cdnoticias.com\/wp-content\/uploads\/2025\/03\/ArroyoTapalqueOlavarria-13.jpg?fit=1024%2C680&ssl=1","jetpack_sharing_enabled":true,"_links":{"self":[{"href":"https:\/\/cdnoticias.com\/index.php\/wp-json\/wp\/v2\/posts\/165878","targetHints":{"allow":["GET"]}}],"collection":[{"href":"https:\/\/cdnoticias.com\/index.php\/wp-json\/wp\/v2\/posts"}],"about":[{"href":"https:\/\/cdnoticias.com\/index.php\/wp-json\/wp\/v2\/types\/post"}],"author":[{"embeddable":true,"href":"https:\/\/cdnoticias.com\/index.php\/wp-json\/wp\/v2\/users\/5"}],"replies":[{"embeddable":true,"href":"https:\/\/cdnoticias.com\/index.php\/wp-json\/wp\/v2\/comments?post=165878"}],"version-history":[{"count":0,"href":"https:\/\/cdnoticias.com\/index.php\/wp-json\/wp\/v2\/posts\/165878\/revisions"}],"wp:featuredmedia":[{"embeddable":true,"href":"https:\/\/cdnoticias.com\/index.php\/wp-json\/wp\/v2\/media\/165844"}],"wp:attachment":[{"href":"https:\/\/cdnoticias.com\/index.php\/wp-json\/wp\/v2\/media?parent=165878"}],"wp:term":[{"taxonomy":"category","embeddable":true,"href":"https:\/\/cdnoticias.com\/index.php\/wp-json\/wp\/v2\/categories?post=165878"},{"taxonomy":"post_tag","embeddable":true,"href":"https:\/\/cdnoticias.com\/index.php\/wp-json\/wp\/v2\/tags?post=165878"}],"curies":[{"name":"wp","href":"https:\/\/api.w.org\/{rel}","templated":true}]}}