{"id":16587,"date":"2021-03-19T11:01:55","date_gmt":"2021-03-19T14:01:55","guid":{"rendered":"http:\/\/www.centraldenoticias.com.ar\/?p=16587"},"modified":"2021-03-19T11:01:55","modified_gmt":"2021-03-19T14:01:55","slug":"la-agencia-comunica-se-suma-a-plantar-memoria","status":"publish","type":"post","link":"https:\/\/cdnoticias.com\/index.php\/2021\/03\/19\/la-agencia-comunica-se-suma-a-plantar-memoria\/","title":{"rendered":"La Agencia Comunica se suma a \u201cplantar memoria\u201d"},"content":{"rendered":"<p>A 45 a\u00f1os del golpe genocida se plantar\u00e1n \u00e1rboles por abuelas, madres, detenidos\/desaparecidos, hijos y nietos. La actividad ser\u00e1 el martes 23 de marzo a las 14 horas en el Sendero de la Memoria del campus universitario.<!--more--><\/p>\n<hr \/>\n<p>A 45 a\u00f1os del golpe genocida, la<strong> Agencia Comunica de la Facultad de Ciencias Sociales de Olavarr\u00eda perteneciente a UNICEN<\/strong>, plantar\u00e1 \u00e1rboles por abuelas, madres, desaparecidos\/desaparecidos, hijos y nietos. La actividad ser\u00e1 el <strong>martes 23 de marzo a las 14 horas, en el Sendero de la Memoria del campus universitario.<\/strong><\/p>\n<p>&nbsp;<\/p>\n<p><strong>\u201cPlantamos Memoria\u201d<\/strong> es una propuesta lanzada por los organismos de Derechos Humanos que invita a plantar especies nativas ya sea por plantines, semillas, arom\u00e1ticas, suculentas o alm\u00e1cigos en memoria de los 30 mil detenidos desaparecidos.<\/p>\n<p>&nbsp;<\/p>\n<p><strong>Convocatoria<\/strong><\/p>\n<p>&nbsp;<\/p>\n<p>El objetivo para el 24 de marzo es<strong> sembrar 30 mil \u00e1rboles por los 30 mil compa\u00f1eros detenidos desaparecidos y por el futuro.<\/strong><\/p>\n<p>&nbsp;<\/p>\n<p>Frente a la pandemia que impide realizar concentraciones de gente,<em> \u201cqueremos que el recuerdo de nuestrxs desaparecidxs trascienda las redes sociales. En este sentido, pensamos en peque\u00f1as acciones cuidadas, para poner la <strong>memoria en acci\u00f3n<\/strong>\u201d<\/em>, explicaron desde la organizaci\u00f3n.<\/p>\n<p>&nbsp;<\/p>\n<p>Las actividades realizadas <strong>pueden ser p\u00fablicas<\/strong> organizadas entre vecinos, integrantes de un club, escuela, sindicato, organizaciones de la sociedad civil e instituciones, siempre cumpliendo con los protocolos que el D.I.S.P.O impone. Pero <strong>tambi\u00e9n invitan a plantar memoria en el \u00e1mbito privado<\/strong>, en la maceta de un balc\u00f3n, ventana, en el jard\u00edn, en la vereda de las casas.<\/p>\n<p>&nbsp;<\/p>\n<p><strong><em>\u201cLa Memoria, al igual que la semilla, viene cargada de futuro. Contiene toda la informaci\u00f3n gen\u00e9tica para poder llegar a ser el \u00e1rbol que late en su destino\u201d<\/em><\/strong>, afirmaron los convocantes. En tiempos de incendios, deforestaci\u00f3n y cambio clim\u00e1tico, plantar vida es un acto de memoria y futuro, porque <em>\u201cel recuerdo de cada compa\u00f1ero detenido desaparecido trae consigo el legado de lucha por un pa\u00eds m\u00e1s justo y solidario\u201d<\/em>, sostuvieron.<\/p>\n<p>&nbsp;<\/p>\n<p>Si quer\u00e9s sumarte a la iniciativa pod\u00e9s descargar el cartel para se\u00f1alizar la acci\u00f3n, registrarla con fotos y\/o videos, y el mi\u00e9rcoles 24 de marzo, en el D\u00eda Nacional de la Memoria, por la Verdad y la Justicia, difundirla por redes sociales. No olvides poner los hashtags de la campa\u00f1a<strong> #PlantamosMemoria #45A\u00f1osDelGolpeGenocida #Son30Mil y etiquetar a los organismos de derechos humanos.<\/strong><\/p>\n","protected":false},"excerpt":{"rendered":"<p>A 45 a\u00f1os del golpe genocida se plantar\u00e1n \u00e1rboles por abuelas, madres, detenidos\/desaparecidos, hijos y nietos. La actividad ser\u00e1 el<\/p>\n","protected":false},"author":5,"featured_media":16588,"comment_status":"closed","ping_status":"closed","sticky":false,"template":"","format":"standard","meta":{"_jetpack_memberships_contains_paid_content":false,"footnotes":""},"categories":[5,1],"tags":[],"class_list":["post-16587","post","type-post","status-publish","format-standard","has-post-thumbnail","hentry","category-informacion-general","category-portada"],"jetpack_featured_media_url":"https:\/\/i0.wp.com\/cdnoticias.com\/wp-content\/uploads\/2021\/03\/01-Placa-consigna-Campana-Plantamos-Memoria.jpg?fit=1200%2C675&ssl=1","jetpack_sharing_enabled":true,"_links":{"self":[{"href":"https:\/\/cdnoticias.com\/index.php\/wp-json\/wp\/v2\/posts\/16587","targetHints":{"allow":["GET"]}}],"collection":[{"href":"https:\/\/cdnoticias.com\/index.php\/wp-json\/wp\/v2\/posts"}],"about":[{"href":"https:\/\/cdnoticias.com\/index.php\/wp-json\/wp\/v2\/types\/post"}],"author":[{"embeddable":true,"href":"https:\/\/cdnoticias.com\/index.php\/wp-json\/wp\/v2\/users\/5"}],"replies":[{"embeddable":true,"href":"https:\/\/cdnoticias.com\/index.php\/wp-json\/wp\/v2\/comments?post=16587"}],"version-history":[{"count":0,"href":"https:\/\/cdnoticias.com\/index.php\/wp-json\/wp\/v2\/posts\/16587\/revisions"}],"wp:featuredmedia":[{"embeddable":true,"href":"https:\/\/cdnoticias.com\/index.php\/wp-json\/wp\/v2\/media\/16588"}],"wp:attachment":[{"href":"https:\/\/cdnoticias.com\/index.php\/wp-json\/wp\/v2\/media?parent=16587"}],"wp:term":[{"taxonomy":"category","embeddable":true,"href":"https:\/\/cdnoticias.com\/index.php\/wp-json\/wp\/v2\/categories?post=16587"},{"taxonomy":"post_tag","embeddable":true,"href":"https:\/\/cdnoticias.com\/index.php\/wp-json\/wp\/v2\/tags?post=16587"}],"curies":[{"name":"wp","href":"https:\/\/api.w.org\/{rel}","templated":true}]}}