{"id":165867,"date":"2025-03-07T09:56:33","date_gmt":"2025-03-07T12:56:33","guid":{"rendered":"https:\/\/cdnoticias.com\/?p=165867"},"modified":"2025-03-07T10:44:34","modified_gmt":"2025-03-07T13:44:34","slug":"tormentas-relevamientos-de-obras-publicas-en-el-arroyo-canales-y-calles","status":"publish","type":"post","link":"https:\/\/cdnoticias.com\/index.php\/2025\/03\/07\/tormentas-relevamientos-de-obras-publicas-en-el-arroyo-canales-y-calles\/","title":{"rendered":"Tormentas: relevamientos de Obras P\u00fablicas en el arroyo, canales y calles"},"content":{"rendered":"<p>Con la participaci\u00f3n del intendente Wesner, las tareas se mantuvieron hasta la noche del jueves y se retomaron este viernes. Se abrieron otras dos compuertas en el arroyo para \u201cincrementar el paso del agua\u201d.<!--more--><\/p>\n<hr \/>\n<p>El Municipio de Olavarr\u00eda dio a conocer que <strong>contin\u00faa con el despliegue de distintos equipos de trabajo<\/strong> en diversos puntos de la ciudad,<em> \u201cpara brindar respuestas inmediatas a los sectores m\u00e1s afectados por las lluvias y tormentas registradas en las \u00faltimas horas\u201d<\/em>.<\/p>\n<p>En ese sentido, desde la<strong> Secretar\u00eda de Obras, Infraestructura y Servicios P\u00fablicos<\/strong> permanece un<strong> exhaustivo relevamiento<\/strong> como as\u00ed tambi\u00e9n con la puesta en marcha de diversas labores. <strong>El intendente Wesner acompa\u00f1\u00f3 las tareas y dialog\u00f3 con vecinos y vecinas<\/strong>.<\/p>\n<p>Se destac\u00f3 que<strong> las labores se prolongaron hasta la noche en la jornada del \u00faltimo jueves<\/strong>, con el seguimiento y <strong>realizaci\u00f3n de trabajos sobre canales y brazos del arroyo Tapalqu\u00e9<\/strong>, para permitir que contin\u00fae el trayecto sobre su cauce.<\/p>\n<p><img data-recalc-dims=\"1\" loading=\"lazy\" decoding=\"async\" class=\"size-full wp-image-165873 aligncenter\" src=\"https:\/\/i0.wp.com\/cdnoticias.com\/wp-content\/uploads\/2025\/03\/tormenta-obras-publicas-05.jpeg?resize=800%2C445&#038;ssl=1\" alt=\"\" width=\"800\" height=\"445\" srcset=\"https:\/\/i0.wp.com\/cdnoticias.com\/wp-content\/uploads\/2025\/03\/tormenta-obras-publicas-05.jpeg?w=1000&amp;ssl=1 1000w, https:\/\/i0.wp.com\/cdnoticias.com\/wp-content\/uploads\/2025\/03\/tormenta-obras-publicas-05.jpeg?resize=300%2C167&amp;ssl=1 300w, https:\/\/i0.wp.com\/cdnoticias.com\/wp-content\/uploads\/2025\/03\/tormenta-obras-publicas-05.jpeg?resize=768%2C427&amp;ssl=1 768w, https:\/\/i0.wp.com\/cdnoticias.com\/wp-content\/uploads\/2025\/03\/tormenta-obras-publicas-05.jpeg?resize=800%2C445&amp;ssl=1 800w\" sizes=\"auto, (max-width: 800px) 100vw, 800px\" \/><\/p>\n<blockquote><p>\u201cEn el inicio de la ma\u00f1ana de este viernes las tareas se retomaron para seguir monitoreando el crecimiento. Se relevaron las reglas graduadas ubicadas en distintos puentes, con especial \u00e9nfasis sobre el puente Querand\u00edes, lo que permite prever que cu\u00e1l ser\u00e1 su impacto en el tramo del casco urbano\u201d detall\u00f3 el \u00e1rea que conduce Orfel Fari\u00f1a.<\/p><\/blockquote>\n<p>Tambi\u00e9n se detall\u00f3 que como respuesta a vecinos del sector, <strong>personal del \u00e1rea se acerc\u00f3 y dialog\u00f3 con vecinos que viven sobre la prolongaci\u00f3n sur de la avenida Urquiza<\/strong>, m\u00e1s all\u00e1 del terrapl\u00e9n.<strong> \u201cSe relev\u00f3 la situaci\u00f3n particular de canales y calles<\/strong> para luego acercarse con los equipos correspondientes para poder <strong>liberar el sector y permitir el normal escurrimiento de las aguas<\/strong>. Abordaje de similares caracter\u00edsticas se llev\u00f3 a cabo en el<strong> barrio La Ara\u00f1a\u201d<\/strong> se explic\u00f3.<\/p>\n<p><img data-recalc-dims=\"1\" loading=\"lazy\" decoding=\"async\" class=\"size-full wp-image-165872 aligncenter\" src=\"https:\/\/i0.wp.com\/cdnoticias.com\/wp-content\/uploads\/2025\/03\/tormenta-obras-publicas-04.jpeg?resize=800%2C445&#038;ssl=1\" alt=\"\" width=\"800\" height=\"445\" srcset=\"https:\/\/i0.wp.com\/cdnoticias.com\/wp-content\/uploads\/2025\/03\/tormenta-obras-publicas-04.jpeg?w=1000&amp;ssl=1 1000w, https:\/\/i0.wp.com\/cdnoticias.com\/wp-content\/uploads\/2025\/03\/tormenta-obras-publicas-04.jpeg?resize=300%2C167&amp;ssl=1 300w, https:\/\/i0.wp.com\/cdnoticias.com\/wp-content\/uploads\/2025\/03\/tormenta-obras-publicas-04.jpeg?resize=768%2C427&amp;ssl=1 768w, https:\/\/i0.wp.com\/cdnoticias.com\/wp-content\/uploads\/2025\/03\/tormenta-obras-publicas-04.jpeg?resize=800%2C445&amp;ssl=1 800w\" sizes=\"auto, (max-width: 800px) 100vw, 800px\" \/><\/p>\n<blockquote><p>En cuanto al arroyo Tapalqu\u00e9, el Municipio inform\u00f3 que en el inicio de la ma\u00f1ana se llev\u00f3 adelante la apertura de otras dos compuertas. Se busca con ello \u201cincrementar el paso del agua, teniendo en cuenta el anuncio de m\u00e1s precipitaciones y tormentas para las pr\u00f3ximas horas\u201d.<\/p><\/blockquote>\n<p>Tambi\u00e9n <strong>se monitore\u00f3 la situaci\u00f3n en torno a los canales, banquinas y sectores linderos<\/strong> a la<strong> avenida Eva Per\u00f3n (Ex Circunvalaci\u00f3n) y Frontera Sur<\/strong>, y en el <strong>barrio CECO<\/strong>.<\/p>\n<p>En el<strong> barrio Evita<\/strong>, por su parte, <strong>permanecen las tareas sobre calle Cortes y Elena de Fortabat<\/strong> de limpieza de canales y banquinas, para permitir el normal escurrimiento de aguas.<\/p>\n<p><img data-recalc-dims=\"1\" loading=\"lazy\" decoding=\"async\" class=\"size-full wp-image-165871 aligncenter\" src=\"https:\/\/i0.wp.com\/cdnoticias.com\/wp-content\/uploads\/2025\/03\/tormenta-obras-publicas-03.jpeg?resize=800%2C445&#038;ssl=1\" alt=\"\" width=\"800\" height=\"445\" srcset=\"https:\/\/i0.wp.com\/cdnoticias.com\/wp-content\/uploads\/2025\/03\/tormenta-obras-publicas-03.jpeg?w=1000&amp;ssl=1 1000w, https:\/\/i0.wp.com\/cdnoticias.com\/wp-content\/uploads\/2025\/03\/tormenta-obras-publicas-03.jpeg?resize=300%2C167&amp;ssl=1 300w, https:\/\/i0.wp.com\/cdnoticias.com\/wp-content\/uploads\/2025\/03\/tormenta-obras-publicas-03.jpeg?resize=768%2C427&amp;ssl=1 768w, https:\/\/i0.wp.com\/cdnoticias.com\/wp-content\/uploads\/2025\/03\/tormenta-obras-publicas-03.jpeg?resize=800%2C445&amp;ssl=1 800w\" sizes=\"auto, (max-width: 800px) 100vw, 800px\" \/><\/p>\n<blockquote class=\"wp-embedded-content\" data-secret=\"LeNJrLLu92\"><p><a href=\"https:\/\/cdnoticias.com\/index.php\/2025\/03\/06\/alerta-naranja-por-tormentas-para-la-tarde-del-viernes\/\">Alerta naranja por tormentas para la tarde del viernes<\/a><\/p><\/blockquote>\n<p><iframe loading=\"lazy\" class=\"wp-embedded-content\" sandbox=\"allow-scripts\" security=\"restricted\" style=\"position: absolute; visibility: hidden;\" title=\"&#8220;Alerta naranja por tormentas para la tarde del viernes&#8221; &#8212; Central de Noticias | Olavarr\u00eda\" src=\"https:\/\/cdnoticias.com\/index.php\/2025\/03\/06\/alerta-naranja-por-tormentas-para-la-tarde-del-viernes\/embed\/#?secret=HWKXgIsHqG#?secret=LeNJrLLu92\" data-secret=\"LeNJrLLu92\" width=\"600\" height=\"338\" frameborder=\"0\" marginwidth=\"0\" marginheight=\"0\" scrolling=\"no\"><\/iframe><\/p>\n<p>El Municipio de Olavarr\u00eda record\u00f3 a la comunidad que<strong> rige un alerta de nivel naranja por tormentas para esta tarde<\/strong>, como as\u00ed tambi\u00e9n de <strong>nivel amarillo para horas de la noche<\/strong>, por lo que se solicita que se tomen los<strong> recaudos<\/strong> pertinentes, que se detallan a continuaci\u00f3n.<\/p>\n<p>\u2013 Realizar carga de celulares<br \/>\n\u2013 Evitar circular por calles anegadas<br \/>\n\u2013 Permanecer dentro de construcciones cerradas (casas, edificios)<br \/>\n\u2013 Mantenerse alejado de artefactos el\u00e9ctricos<br \/>\n\u2013 Si estamos en un veh\u00edculo permanecer en su interior<br \/>\n\u2013 Se recomienda cortar la energ\u00eda el\u00e9ctrica si ingresa agua en la vivienda<br \/>\n\u2013 No sacar residuos en la v\u00eda p\u00fablica y evitar la presencia de elementos que impidan el drenaje (incluidos materiales de construcci\u00f3n)<br \/>\n\u2013 Mantener la limpieza de canaletas de techo y desag\u00fces de patios internos<br \/>\n\u2013 Asegurar o retirar elementos que puedan caer de altura (ej. macetas o chapas)<\/p>\n<p><img data-recalc-dims=\"1\" loading=\"lazy\" decoding=\"async\" class=\"size-full wp-image-165870 aligncenter\" src=\"https:\/\/i0.wp.com\/cdnoticias.com\/wp-content\/uploads\/2025\/03\/tormenta-obras-publicas-02.jpeg?resize=800%2C445&#038;ssl=1\" alt=\"\" width=\"800\" height=\"445\" srcset=\"https:\/\/i0.wp.com\/cdnoticias.com\/wp-content\/uploads\/2025\/03\/tormenta-obras-publicas-02.jpeg?w=1000&amp;ssl=1 1000w, https:\/\/i0.wp.com\/cdnoticias.com\/wp-content\/uploads\/2025\/03\/tormenta-obras-publicas-02.jpeg?resize=300%2C167&amp;ssl=1 300w, https:\/\/i0.wp.com\/cdnoticias.com\/wp-content\/uploads\/2025\/03\/tormenta-obras-publicas-02.jpeg?resize=768%2C427&amp;ssl=1 768w, https:\/\/i0.wp.com\/cdnoticias.com\/wp-content\/uploads\/2025\/03\/tormenta-obras-publicas-02.jpeg?resize=800%2C445&amp;ssl=1 800w\" sizes=\"auto, (max-width: 800px) 100vw, 800px\" \/><\/p>\n<h3>V\u00edas de comunicaci\u00f3n para emergencias:<\/h3>\n<ul>\n<li>2284 531118 Guardia Desarrollo Social (llamadas y WhatsApp)<\/li>\n<li>2284 544817 VER, Vecinos en Red (Solo WhatsApp)<\/li>\n<li>419016\/17 Centro de Monitoreo<\/li>\n<li>147 L\u00ednea de Atenci\u00f3n Ciudadana<\/li>\n<li>100 Bomberos<\/li>\n<li>103 Defensa Civil<\/li>\n<li>107 Hospital<\/li>\n<\/ul>\n<p><img data-recalc-dims=\"1\" loading=\"lazy\" decoding=\"async\" class=\"size-full wp-image-165869 aligncenter\" src=\"https:\/\/i0.wp.com\/cdnoticias.com\/wp-content\/uploads\/2025\/03\/tormenta-obras-publicas-01.jpeg?resize=800%2C445&#038;ssl=1\" alt=\"\" width=\"800\" height=\"445\" srcset=\"https:\/\/i0.wp.com\/cdnoticias.com\/wp-content\/uploads\/2025\/03\/tormenta-obras-publicas-01.jpeg?w=1000&amp;ssl=1 1000w, https:\/\/i0.wp.com\/cdnoticias.com\/wp-content\/uploads\/2025\/03\/tormenta-obras-publicas-01.jpeg?resize=300%2C167&amp;ssl=1 300w, https:\/\/i0.wp.com\/cdnoticias.com\/wp-content\/uploads\/2025\/03\/tormenta-obras-publicas-01.jpeg?resize=768%2C427&amp;ssl=1 768w, https:\/\/i0.wp.com\/cdnoticias.com\/wp-content\/uploads\/2025\/03\/tormenta-obras-publicas-01.jpeg?resize=800%2C445&amp;ssl=1 800w\" sizes=\"auto, (max-width: 800px) 100vw, 800px\" \/><\/p>\n<blockquote class=\"wp-embedded-content\" data-secret=\"tVHAqzUgbr\"><p><a href=\"https:\/\/cdnoticias.com\/index.php\/2025\/03\/07\/se-suspenden-las-clases-en-olavarria-en-los-turnos-tarde-y-vespertino\/\">Se suspenden las clases en Olavarr\u00eda en los turnos tarde y vespertino<\/a><\/p><\/blockquote>\n<p><iframe loading=\"lazy\" class=\"wp-embedded-content\" sandbox=\"allow-scripts\" security=\"restricted\" style=\"position: absolute; visibility: hidden;\" title=\"&#8220;Se suspenden las clases en Olavarr\u00eda en los turnos tarde y vespertino&#8221; &#8212; Central de Noticias | Olavarr\u00eda\" src=\"https:\/\/cdnoticias.com\/index.php\/2025\/03\/07\/se-suspenden-las-clases-en-olavarria-en-los-turnos-tarde-y-vespertino\/embed\/#?secret=tpcnky3hL9#?secret=tVHAqzUgbr\" data-secret=\"tVHAqzUgbr\" width=\"600\" height=\"338\" frameborder=\"0\" marginwidth=\"0\" marginheight=\"0\" scrolling=\"no\"><\/iframe><\/p>\n","protected":false},"excerpt":{"rendered":"<p>Con la participaci\u00f3n del intendente Wesner, las tareas se mantuvieron hasta la noche del jueves y se retomaron este viernes.<\/p>\n","protected":false},"author":4,"featured_media":165868,"comment_status":"closed","ping_status":"closed","sticky":false,"template":"","format":"standard","meta":{"_jetpack_memberships_contains_paid_content":false,"footnotes":""},"categories":[5,1],"tags":[],"class_list":["post-165867","post","type-post","status-publish","format-standard","has-post-thumbnail","hentry","category-informacion-general","category-portada"],"jetpack_featured_media_url":"https:\/\/i0.wp.com\/cdnoticias.com\/wp-content\/uploads\/2025\/03\/tormenta-obras-publicas-00.jpeg?fit=1000%2C556&ssl=1","jetpack_sharing_enabled":true,"_links":{"self":[{"href":"https:\/\/cdnoticias.com\/index.php\/wp-json\/wp\/v2\/posts\/165867","targetHints":{"allow":["GET"]}}],"collection":[{"href":"https:\/\/cdnoticias.com\/index.php\/wp-json\/wp\/v2\/posts"}],"about":[{"href":"https:\/\/cdnoticias.com\/index.php\/wp-json\/wp\/v2\/types\/post"}],"author":[{"embeddable":true,"href":"https:\/\/cdnoticias.com\/index.php\/wp-json\/wp\/v2\/users\/4"}],"replies":[{"embeddable":true,"href":"https:\/\/cdnoticias.com\/index.php\/wp-json\/wp\/v2\/comments?post=165867"}],"version-history":[{"count":0,"href":"https:\/\/cdnoticias.com\/index.php\/wp-json\/wp\/v2\/posts\/165867\/revisions"}],"wp:featuredmedia":[{"embeddable":true,"href":"https:\/\/cdnoticias.com\/index.php\/wp-json\/wp\/v2\/media\/165868"}],"wp:attachment":[{"href":"https:\/\/cdnoticias.com\/index.php\/wp-json\/wp\/v2\/media?parent=165867"}],"wp:term":[{"taxonomy":"category","embeddable":true,"href":"https:\/\/cdnoticias.com\/index.php\/wp-json\/wp\/v2\/categories?post=165867"},{"taxonomy":"post_tag","embeddable":true,"href":"https:\/\/cdnoticias.com\/index.php\/wp-json\/wp\/v2\/tags?post=165867"}],"curies":[{"name":"wp","href":"https:\/\/api.w.org\/{rel}","templated":true}]}}