{"id":165830,"date":"2025-03-06T20:28:42","date_gmt":"2025-03-06T23:28:42","guid":{"rendered":"https:\/\/cdnoticias.com\/?p=165830"},"modified":"2025-03-07T09:02:13","modified_gmt":"2025-03-07T12:02:13","slug":"alerta-naranja-por-tormentas-para-la-tarde-del-viernes","status":"publish","type":"post","link":"https:\/\/cdnoticias.com\/index.php\/2025\/03\/06\/alerta-naranja-por-tormentas-para-la-tarde-del-viernes\/","title":{"rendered":"Alerta naranja por tormentas para la tarde del viernes"},"content":{"rendered":"<p>El SMN mantiene el pron\u00f3stico de tormentas para Olavarr\u00eda para la noche de este jueves y todo el viernes. Hay dos alertas emitidos: naranja para la tarde y amarillo para la noche.<!--more--><\/p>\n<hr \/>\n<p>Las condiciones del tiempo se mantienen adversas para Olavarr\u00eda: <strong>el Servicio Meteorol\u00f3gico Nacional pronostic\u00f3 que seguir\u00e1n las tormentas<\/strong> durante la noche del jueves y durante todo el viernes.<\/p>\n<p>En ese marco, <strong>se emitieron dos alertas para este viernes<\/strong>. Para la tarde, <strong>de nivel naranja<\/strong> mientras que para la noche, <strong>de nivel amarillo<\/strong>.<\/p>\n<blockquote><p>En cuanto al alerta naranja se inform\u00f3 que: \u201cel \u00e1rea ser\u00e1 afectada por lluvias y tormentas fuertes. Las mismas estar\u00e1n acompa\u00f1adas de r\u00e1fagas que pueden superar los 90 km\/h, abundante ca\u00edda de agua y ocasional ca\u00edda de granizo. Se prev\u00e9n valores de precipitaci\u00f3n acumulada entre 60 y 100 mm., pudiendo ser superados en forma puntual\u201d. Alcanza no s\u00f3lo a Olavarr\u00eda, sino al suroeste de la provincia de Buenos Aires.<\/p><\/blockquote>\n<p><img data-recalc-dims=\"1\" loading=\"lazy\" decoding=\"async\" class=\"alignnone size-full wp-image-165847\" src=\"https:\/\/i0.wp.com\/cdnoticias.com\/wp-content\/uploads\/2025\/03\/ArroyoTapalqueOlavarria-16.jpg?resize=800%2C531&#038;ssl=1\" alt=\"\" width=\"800\" height=\"531\" srcset=\"https:\/\/i0.wp.com\/cdnoticias.com\/wp-content\/uploads\/2025\/03\/ArroyoTapalqueOlavarria-16.jpg?w=1024&amp;ssl=1 1024w, https:\/\/i0.wp.com\/cdnoticias.com\/wp-content\/uploads\/2025\/03\/ArroyoTapalqueOlavarria-16.jpg?resize=300%2C199&amp;ssl=1 300w, https:\/\/i0.wp.com\/cdnoticias.com\/wp-content\/uploads\/2025\/03\/ArroyoTapalqueOlavarria-16.jpg?resize=768%2C510&amp;ssl=1 768w, https:\/\/i0.wp.com\/cdnoticias.com\/wp-content\/uploads\/2025\/03\/ArroyoTapalqueOlavarria-16.jpg?resize=272%2C182&amp;ssl=1 272w\" sizes=\"auto, (max-width: 800px) 100vw, 800px\" \/><\/p>\n<p><img data-recalc-dims=\"1\" loading=\"lazy\" decoding=\"async\" class=\"alignnone size-full wp-image-165843\" src=\"https:\/\/i0.wp.com\/cdnoticias.com\/wp-content\/uploads\/2025\/03\/ArroyoTapalqueOlavarria-12.jpg?resize=800%2C531&#038;ssl=1\" alt=\"\" width=\"800\" height=\"531\" srcset=\"https:\/\/i0.wp.com\/cdnoticias.com\/wp-content\/uploads\/2025\/03\/ArroyoTapalqueOlavarria-12.jpg?w=1024&amp;ssl=1 1024w, https:\/\/i0.wp.com\/cdnoticias.com\/wp-content\/uploads\/2025\/03\/ArroyoTapalqueOlavarria-12.jpg?resize=300%2C199&amp;ssl=1 300w, https:\/\/i0.wp.com\/cdnoticias.com\/wp-content\/uploads\/2025\/03\/ArroyoTapalqueOlavarria-12.jpg?resize=768%2C510&amp;ssl=1 768w, https:\/\/i0.wp.com\/cdnoticias.com\/wp-content\/uploads\/2025\/03\/ArroyoTapalqueOlavarria-12.jpg?resize=272%2C182&amp;ssl=1 272w\" sizes=\"auto, (max-width: 800px) 100vw, 800px\" \/><\/p>\n<blockquote><p>Para la noche, el nivel de advertencia baja a amarillo. \u201cEl \u00e1rea ser\u00e1 afectada por lluvias y tormentas de variada intensidad, algunas localmente fuertes. Las mismas estar\u00e1n acompa\u00f1adas por abundante ca\u00edda de agua en cortos per\u00edodos, ocasional granizo, y r\u00e1fagas que pueden superar los 70 km\/h. Se prev\u00e9n valores de precipitaci\u00f3n acumulada entre 30 y 70 mm\u201d indic\u00f3 el organismo nacional.<\/p><\/blockquote>\n<p>Las tormentas cubren gran parte del pa\u00eds: <strong>del norte a la Patagonia son 14 las provincias bajo alerta<\/strong> de niveles amarillo y naranja dictados para la jornada del viernes.<\/p>\n<blockquote class=\"wp-embedded-content\" data-secret=\"AJgFMtshBs\"><p><a href=\"https:\/\/cdnoticias.com\/index.php\/2025\/03\/06\/el-intendente-wesner-dijo-que-la-situacion-es-compleja-y-hay-150-familias-afectadas\/\">El intendente Wesner dijo que la situaci\u00f3n \u201ces compleja\u201d y hay \u201c150 familias afectadas\u201d<\/a><\/p><\/blockquote>\n<p><iframe loading=\"lazy\" class=\"wp-embedded-content\" sandbox=\"allow-scripts\" security=\"restricted\" style=\"position: absolute; visibility: hidden;\" title=\"&#8220;El intendente Wesner dijo que la situaci\u00f3n \u201ces compleja\u201d y hay \u201c150 familias afectadas\u201d&#8221; &#8212; Central de Noticias | Olavarr\u00eda\" src=\"https:\/\/cdnoticias.com\/index.php\/2025\/03\/06\/el-intendente-wesner-dijo-que-la-situacion-es-compleja-y-hay-150-familias-afectadas\/embed\/#?secret=p3OgAGbs3Q#?secret=AJgFMtshBs\" data-secret=\"AJgFMtshBs\" width=\"600\" height=\"338\" frameborder=\"0\" marginwidth=\"0\" marginheight=\"0\" scrolling=\"no\"><\/iframe><\/p>\n","protected":false},"excerpt":{"rendered":"<p>El SMN mantiene el pron\u00f3stico de tormentas para Olavarr\u00eda para la noche de este jueves y todo el viernes. Hay<\/p>\n","protected":false},"author":4,"featured_media":165849,"comment_status":"closed","ping_status":"closed","sticky":false,"template":"","format":"standard","meta":{"_jetpack_memberships_contains_paid_content":false,"footnotes":""},"categories":[5,1],"tags":[],"class_list":["post-165830","post","type-post","status-publish","format-standard","has-post-thumbnail","hentry","category-informacion-general","category-portada"],"jetpack_featured_media_url":"https:\/\/i0.wp.com\/cdnoticias.com\/wp-content\/uploads\/2025\/03\/ArroyoTapalqueOlavarria-18.jpg?fit=1024%2C680&ssl=1","jetpack_sharing_enabled":true,"_links":{"self":[{"href":"https:\/\/cdnoticias.com\/index.php\/wp-json\/wp\/v2\/posts\/165830","targetHints":{"allow":["GET"]}}],"collection":[{"href":"https:\/\/cdnoticias.com\/index.php\/wp-json\/wp\/v2\/posts"}],"about":[{"href":"https:\/\/cdnoticias.com\/index.php\/wp-json\/wp\/v2\/types\/post"}],"author":[{"embeddable":true,"href":"https:\/\/cdnoticias.com\/index.php\/wp-json\/wp\/v2\/users\/4"}],"replies":[{"embeddable":true,"href":"https:\/\/cdnoticias.com\/index.php\/wp-json\/wp\/v2\/comments?post=165830"}],"version-history":[{"count":0,"href":"https:\/\/cdnoticias.com\/index.php\/wp-json\/wp\/v2\/posts\/165830\/revisions"}],"wp:featuredmedia":[{"embeddable":true,"href":"https:\/\/cdnoticias.com\/index.php\/wp-json\/wp\/v2\/media\/165849"}],"wp:attachment":[{"href":"https:\/\/cdnoticias.com\/index.php\/wp-json\/wp\/v2\/media?parent=165830"}],"wp:term":[{"taxonomy":"category","embeddable":true,"href":"https:\/\/cdnoticias.com\/index.php\/wp-json\/wp\/v2\/categories?post=165830"},{"taxonomy":"post_tag","embeddable":true,"href":"https:\/\/cdnoticias.com\/index.php\/wp-json\/wp\/v2\/tags?post=165830"}],"curies":[{"name":"wp","href":"https:\/\/api.w.org\/{rel}","templated":true}]}}