{"id":165811,"date":"2025-03-06T17:39:14","date_gmt":"2025-03-06T20:39:14","guid":{"rendered":"https:\/\/cdnoticias.com\/?p=165811"},"modified":"2025-03-06T17:39:18","modified_gmt":"2025-03-06T20:39:18","slug":"el-gallismo-desde-el-hcd-se-noto-que-las-escuelas-no-estaban-preparadas","status":"publish","type":"post","link":"https:\/\/cdnoticias.com\/index.php\/2025\/03\/06\/el-gallismo-desde-el-hcd-se-noto-que-las-escuelas-no-estaban-preparadas\/","title":{"rendered":"El gallismo desde el HCD: \u201cSe not\u00f3 que las Escuelas no estaban preparadas\u201d"},"content":{"rendered":"\n<p>Concejales del partido vecinal Juntos por Olavarr\u00eda presentaron un Pedido de Informes para conocer las inversiones municipales en Educaci\u00f3n durante 2024 y luego del temporal de las \u00faltimas horas.<\/p>\n\n\n\n<hr class=\"wp-block-separator aligncenter has-alpha-channel-opacity\"\/>\n\n\n\n<p>Este jueves por la ma\u00f1ana, <strong>concejales del gallismo, m\u00e1s precisamente del bloque Juntos por Olavarr\u00eda, elevaron un Pedido de Informes tras las consecuencias de las recientes precipitaciones en el Partido de Olavarr\u00eda y c\u00f3mo afectaron las instalaciones de distintas Escuelas y Jardines.<\/strong><\/p>\n\n\n\n<p>En el pedido presentado solicitaron que el intendente Wesner responda <strong><em>\u201ccu\u00e1l fue el monto ejecutado del Fondo Educativo, Fondo Compensador y de Emergencia, correspondientes al a\u00f1o 2024, con el detalle de las obras\u201d.<\/em><\/strong><\/p>\n\n\n\n<p><em>\u201cHace apenas una semana el intendente brind\u00f3 un informe de gesti\u00f3n en el que mencionaba 1800 intervenciones en Educaci\u00f3n en Olavarr\u00eda. Visto lo sucedido nos preguntamos si hubo trabajos en techos, mantenimiento de canaletas, de desag\u00fces, en las redes el\u00e9ctricas, con qu\u00e9 medidas de seguridad abrieron las distintas Escuelas y Jardines del Partido<\/em>\u201d, se\u00f1alaron los concejales.<\/p>\n\n\n\n<p>Al mismo tiempo recordaron que <em>\u201cen oportunidad de presentarse la jefa de Gabinete Municipal ante este HCD, en noviembre de 2024, y respecto a la consulta de este Bloque justamente sobre la ejecuci\u00f3n del Fondo Educativo, la funcionaria se\u00f1al\u00f3 entonces que de los m\u00e1s de 838 millones de pesos recibidos en el a\u00f1o para obras en escuelas, se llevaba ejecutado solo el 46%. Adem\u00e1s, en el Presupuesto Municipal 2025 presentado por el intendente Wesner, el Fondo Educativo presentaba un estimado de casi 1500 millones de pesos para este a\u00f1o. Son miles de millones de pesos que lamentablemente no se ven\u201d.<\/em><\/p>\n\n\n\n<p>En este sentido sostuvieron que<em> \u201cen las im\u00e1genes que vimos ayer se not\u00f3 que las Escuelas no estaban preparadas. Nos preocupa que esta gesti\u00f3n municipal sigue sin priorizar la Educaci\u00f3n, sabiendo todos de la importancia que tiene para nuestros chicos y para la comunidad toda. La educaci\u00f3n siempre es el camino, cuidar las escuelas deber\u00eda ser esencial para cualquier gobierno\u201d.<\/em><\/p>\n","protected":false},"excerpt":{"rendered":"<p>Concejales del partido vecinal Juntos por Olavarr\u00eda presentaron un Pedido de Informes para conocer las inversiones municipales en Educaci\u00f3n durante<\/p>\n","protected":false},"author":2,"featured_media":165812,"comment_status":"closed","ping_status":"closed","sticky":false,"template":"","format":"standard","meta":{"_jetpack_memberships_contains_paid_content":false,"footnotes":""},"categories":[4,1],"tags":[],"class_list":["post-165811","post","type-post","status-publish","format-standard","has-post-thumbnail","hentry","category-politica","category-portada"],"jetpack_featured_media_url":"https:\/\/i0.wp.com\/cdnoticias.com\/wp-content\/uploads\/2025\/03\/WhatsApp-Image-2025-03-06-at-17.37.53.jpeg?fit=1600%2C900&ssl=1","jetpack_sharing_enabled":true,"_links":{"self":[{"href":"https:\/\/cdnoticias.com\/index.php\/wp-json\/wp\/v2\/posts\/165811","targetHints":{"allow":["GET"]}}],"collection":[{"href":"https:\/\/cdnoticias.com\/index.php\/wp-json\/wp\/v2\/posts"}],"about":[{"href":"https:\/\/cdnoticias.com\/index.php\/wp-json\/wp\/v2\/types\/post"}],"author":[{"embeddable":true,"href":"https:\/\/cdnoticias.com\/index.php\/wp-json\/wp\/v2\/users\/2"}],"replies":[{"embeddable":true,"href":"https:\/\/cdnoticias.com\/index.php\/wp-json\/wp\/v2\/comments?post=165811"}],"version-history":[{"count":0,"href":"https:\/\/cdnoticias.com\/index.php\/wp-json\/wp\/v2\/posts\/165811\/revisions"}],"wp:featuredmedia":[{"embeddable":true,"href":"https:\/\/cdnoticias.com\/index.php\/wp-json\/wp\/v2\/media\/165812"}],"wp:attachment":[{"href":"https:\/\/cdnoticias.com\/index.php\/wp-json\/wp\/v2\/media?parent=165811"}],"wp:term":[{"taxonomy":"category","embeddable":true,"href":"https:\/\/cdnoticias.com\/index.php\/wp-json\/wp\/v2\/categories?post=165811"},{"taxonomy":"post_tag","embeddable":true,"href":"https:\/\/cdnoticias.com\/index.php\/wp-json\/wp\/v2\/tags?post=165811"}],"curies":[{"name":"wp","href":"https:\/\/api.w.org\/{rel}","templated":true}]}}