{"id":165805,"date":"2025-03-06T16:13:10","date_gmt":"2025-03-06T19:13:10","guid":{"rendered":"https:\/\/cdnoticias.com\/?p=165805"},"modified":"2025-03-06T20:35:23","modified_gmt":"2025-03-06T23:35:23","slug":"el-intendente-wesner-dijo-que-la-situacion-es-compleja-y-hay-150-familias-afectadas","status":"publish","type":"post","link":"https:\/\/cdnoticias.com\/index.php\/2025\/03\/06\/el-intendente-wesner-dijo-que-la-situacion-es-compleja-y-hay-150-familias-afectadas\/","title":{"rendered":"El intendente Wesner dijo que la situaci\u00f3n \u201ces compleja\u201d y hay \u201c150 familias afectadas\u201d"},"content":{"rendered":"\n<p>Confirm\u00f3 que en 6 d\u00edas hubo casi 160 mil\u00edmetros de lluvia y pidi\u00f3 la \u201ccolaboraci\u00f3n de todos\u201d. Indic\u00f3 que no hay evacuados pero \u201chay situaciones delicadas, de mucha vulnerabilidad\u201d.<\/p>\n\n\n\n<hr class=\"wp-block-separator aligncenter has-alpha-channel-opacity\"\/>\n\n\n\n<p><strong>El intendente municipal brind\u00f3, mediante un informe emitido en la tarde de este jueves, precisiones de la situaci\u00f3n actual y pidi\u00f3 la colaboraci\u00f3n de todos. <\/strong>Contin\u00faa el pron\u00f3stico de tormentas para las pr\u00f3ximas horas. Desde Hidr\u00e1ulica del Municipio se detall\u00f3 que monitorean minuto a minuto el comportamiento del arroyo Tapalqu\u00e9.<\/p>\n\n\n\n<p>El Municipio de Olavarr\u00eda a trav\u00e9s de las diferentes \u00e1reas contin\u00faa trabajando en los distintos puntos afectados por las fuertes lluvias.<strong> En lo que va de la jornada de este jueves la cantidad de lluvia ca\u00edda asciende a 34.6 mil\u00edmetros, pero con el dato de que 25.5 se registraron entre las 10 y las 11 de la ma\u00f1ana. En lo que va de marzo, apenas 6 d\u00edas, el valor de precipitaci\u00f3n asciende a 159.7 mil\u00edmetros.<\/strong><\/p>\n\n\n\n<figure class=\"wp-block-embed is-type-wp-embed is-provider-central-de-noticias-olavarr-a wp-block-embed-central-de-noticias-olavarr-a\"><div class=\"wp-block-embed__wrapper\">\n<blockquote class=\"wp-embedded-content\" data-secret=\"jQJy4Bg2kJ\"><a href=\"https:\/\/cdnoticias.com\/index.php\/2025\/03\/06\/en-lo-que-va-de-marzo-ya-llovio-mas-milimetraje-que-en-el-resto-del-ano\/\">En lo que va de marzo, ya llovi\u00f3 m\u00e1s milimetraje que en el resto del a\u00f1o<\/a><\/blockquote><iframe loading=\"lazy\" class=\"wp-embedded-content\" sandbox=\"allow-scripts\" security=\"restricted\" style=\"position: absolute; visibility: hidden;\" title=\"&#8220;En lo que va de marzo, ya llovi\u00f3 m\u00e1s milimetraje que en el resto del a\u00f1o&#8221; &#8212; Central de Noticias | Olavarr\u00eda\" src=\"https:\/\/cdnoticias.com\/index.php\/2025\/03\/06\/en-lo-que-va-de-marzo-ya-llovio-mas-milimetraje-que-en-el-resto-del-ano\/embed\/#?secret=IX8vFc4lsH#?secret=jQJy4Bg2kJ\" data-secret=\"jQJy4Bg2kJ\" width=\"600\" height=\"338\" frameborder=\"0\" marginwidth=\"0\" marginheight=\"0\" scrolling=\"no\"><\/iframe>\n<\/div><\/figure>\n\n\n\n<p><em><strong>\u00a0\u201cLa situaci\u00f3n es compleja, el pron\u00f3stico del Servicio Meteorol\u00f3gico Nacional sigue anunciando lluvias, ya son varios d\u00edas, hay m\u00e1s de 150 familias afectadas y estamos tratando de llegar a cada lugar, ya que est\u00e1n distribuidos. No hay familias evacuadas, pero lamentablemente hay situaciones delicadas, de mucha vulnerabilidad que en algunos casos abordamos ayer y tuvimos que volver hoy\u201d,<\/strong><\/em> indic\u00f3 Maximiliano Wesner.<\/p>\n\n\n\n<figure class=\"wp-block-image size-large\"><img data-recalc-dims=\"1\" loading=\"lazy\" decoding=\"async\" width=\"800\" height=\"472\" src=\"https:\/\/i0.wp.com\/cdnoticias.com\/wp-content\/uploads\/2025\/03\/WhatsApp-Image-2025-03-06-at-15.39.22-e1741288355699-1024x604.jpeg?resize=800%2C472&#038;ssl=1\" alt=\"\" class=\"wp-image-165807\" srcset=\"https:\/\/i0.wp.com\/cdnoticias.com\/wp-content\/uploads\/2025\/03\/WhatsApp-Image-2025-03-06-at-15.39.22-e1741288355699.jpeg?resize=1024%2C604&amp;ssl=1 1024w, https:\/\/i0.wp.com\/cdnoticias.com\/wp-content\/uploads\/2025\/03\/WhatsApp-Image-2025-03-06-at-15.39.22-e1741288355699.jpeg?resize=300%2C177&amp;ssl=1 300w, https:\/\/i0.wp.com\/cdnoticias.com\/wp-content\/uploads\/2025\/03\/WhatsApp-Image-2025-03-06-at-15.39.22-e1741288355699.jpeg?resize=768%2C453&amp;ssl=1 768w, https:\/\/i0.wp.com\/cdnoticias.com\/wp-content\/uploads\/2025\/03\/WhatsApp-Image-2025-03-06-at-15.39.22-e1741288355699.jpeg?w=1170&amp;ssl=1 1170w\" sizes=\"auto, (max-width: 800px) 100vw, 800px\" \/><\/figure>\n\n\n\n<blockquote class=\"wp-block-quote is-layout-flow wp-block-quote-is-layout-flow\">\n<p>\u201cEstuve recorriendo en la jornada de hoy el barrio Carlos Pellegrini, Villa Aurora, SCAC, Provincias Argentinas y distintas zonas del arroyo Tapalqu\u00e9, necesitamos de la colaboraci\u00f3n de todos. Les pedimos no sacar la basura si llueve para mantener limpia las calles y ayudar al drenaje, las obras hidr\u00e1ulicas vienen respondiendo, es una situaci\u00f3n distinta a marzo del a\u00f1o pasado pero igual es sumamente preocupante\u201d, agreg\u00f3 el intendente municipal.<\/p>\n<\/blockquote>\n\n\n\n<p>De acuerdo con lo que explic\u00f3 el director de Hidr\u00e1ulica, se est\u00e1n realizando diversas tareas para controlar el nivel del arroyo y se abrieron las compuertas debido al caudal de agua ca\u00edda en el casco urbano y la zona.<strong> El dato a tener en cuenta es que los niveles registrados en Querand\u00edes demoran unas 6 o 7 horas en llegar a la ciudad, lo que da margen al despliegue labores preventivas o de asistencia.<\/strong><\/p>\n\n\n\n<figure class=\"wp-block-embed is-type-wp-embed is-provider-central-de-noticias-olavarr-a wp-block-embed-central-de-noticias-olavarr-a\"><div class=\"wp-block-embed__wrapper\">\n<blockquote class=\"wp-embedded-content\" data-secret=\"iFzp31zTM0\"><a href=\"https:\/\/cdnoticias.com\/index.php\/2025\/03\/06\/el-nivel-del-arroyo-vecinos-se-acercaron-al-puente-de-calle-hornos-para-monitorear-el-agua\/\">El nivel del arroyo: vecinos se acercaron al puente de calle Hornos para \u201cmonitorear\u201d el agua<\/a><\/blockquote><iframe loading=\"lazy\" class=\"wp-embedded-content\" sandbox=\"allow-scripts\" security=\"restricted\" style=\"position: absolute; visibility: hidden;\" title=\"&#8220;El nivel del arroyo: vecinos se acercaron al puente de calle Hornos para \u201cmonitorear\u201d el agua&#8221; &#8212; Central de Noticias | Olavarr\u00eda\" src=\"https:\/\/cdnoticias.com\/index.php\/2025\/03\/06\/el-nivel-del-arroyo-vecinos-se-acercaron-al-puente-de-calle-hornos-para-monitorear-el-agua\/embed\/#?secret=BCtsMsUOm0#?secret=iFzp31zTM0\" data-secret=\"iFzp31zTM0\" width=\"600\" height=\"338\" frameborder=\"0\" marginwidth=\"0\" marginheight=\"0\" scrolling=\"no\"><\/iframe>\n<\/div><\/figure>\n\n\n\n<p>Vale destacar que equipos de trabajo de la Secretar\u00eda de Obras P\u00fablicas despliegan labores de limpieza en canales, sumideros y bocacalles, para lograr el normal escurrimiento de aguas<strong>. Tareas de esta \u00edndole pudieron verse, por ejemplo, sobre avenida De los Trabajadores y Leal, Juan XXIII y Alberdi y Tierra del Fuego al 1400.<\/strong><\/p>\n\n\n\n<p>De manera paralela,<strong> distintas \u00e1reas del Municipio contin\u00faan con los trabajos de asistencia y acompa\u00f1amiento en los distintos barrios.<\/strong><\/p>\n\n\n\n<p>En ese sentido, en el sector rural se registraron los siguientes valores de precipitaci\u00f3n en mil\u00edmetros: <strong>Tres Lomas 100, San Jorge 180, La Lechuza 66, La Ciriaca 120, Udalem 132, La Mimosa 100. Asimismo, en Loma Negra la precipitaci\u00f3n alcanz\u00f3 los 40 mm, 45 en Santa Luisa, 88 en Sierra Chica y 40 en Recalde.<\/strong><\/p>\n\n\n\n<p class=\"has-large-font-size\">Suspensiones<\/p>\n\n\n\n<figure class=\"wp-block-image size-large\"><img data-recalc-dims=\"1\" loading=\"lazy\" decoding=\"async\" width=\"800\" height=\"423\" src=\"https:\/\/i0.wp.com\/cdnoticias.com\/wp-content\/uploads\/2025\/03\/WhatsApp-Image-2025-03-06-at-15.39.25-e1741288341152-1024x541.jpeg?resize=800%2C423&#038;ssl=1\" alt=\"\" class=\"wp-image-165808\" srcset=\"https:\/\/i0.wp.com\/cdnoticias.com\/wp-content\/uploads\/2025\/03\/WhatsApp-Image-2025-03-06-at-15.39.25-e1741288341152.jpeg?resize=1024%2C541&amp;ssl=1 1024w, https:\/\/i0.wp.com\/cdnoticias.com\/wp-content\/uploads\/2025\/03\/WhatsApp-Image-2025-03-06-at-15.39.25-e1741288341152.jpeg?resize=300%2C158&amp;ssl=1 300w, https:\/\/i0.wp.com\/cdnoticias.com\/wp-content\/uploads\/2025\/03\/WhatsApp-Image-2025-03-06-at-15.39.25-e1741288341152.jpeg?resize=768%2C406&amp;ssl=1 768w, https:\/\/i0.wp.com\/cdnoticias.com\/wp-content\/uploads\/2025\/03\/WhatsApp-Image-2025-03-06-at-15.39.25-e1741288341152.jpeg?resize=390%2C205&amp;ssl=1 390w, https:\/\/i0.wp.com\/cdnoticias.com\/wp-content\/uploads\/2025\/03\/WhatsApp-Image-2025-03-06-at-15.39.25-e1741288341152.jpeg?w=1170&amp;ssl=1 1170w\" sizes=\"auto, (max-width: 800px) 100vw, 800px\" \/><\/figure>\n\n\n\n<p>Con motivo de las lluvias y el pron\u00f3stico de m\u00e1s tormentas para las pr\u00f3ximas horas el <strong>Municipio de Olavarr\u00eda decidi\u00f3 suspender numerosas actividades.\u00a0 Adem\u00e1s, el Municipio de Olavarr\u00eda tambi\u00e9n suspendi\u00f3 la actividad de jardines maternales, Centros de D\u00eda y Callejeadas.<\/strong><\/p>\n\n\n\n<p>Id\u00e9ntica postura se adopt\u00f3 desde<strong> Jefatura Distrital de Educaci\u00f3n con respecto al dictado clases en el turno tarde, en todos los niveles y modalidades.<\/strong><\/p>\n\n\n\n<p class=\"has-large-font-size\">Siguen las tormentas y alertas<\/p>\n\n\n\n<p>Olavarr\u00eda<strong> permanece dentro del \u00e1rea de influencia de tormentas como as\u00ed tambi\u00e9n de alertas, por lo que se pide a la comunidad que se tomen los recaudos pertinentes.<\/strong><\/p>\n\n\n\n<p>Tal es as\u00ed que<strong> el Servicio Meteorol\u00f3gico Nacional renov\u00f3 el alerta amarilla para la tarde de este jueves, mientras que para el viernes rigen alertas de igual \u00edndole para la tarde y noche.<\/strong><\/p>\n\n\n\n<p>Se reitera el llamado a la comunidad de tomar los recaudos pertinentes, con especial \u00e9nfasis en <strong>no sacar la basura, o hacerlo en espacios destinados a tal fin, y de esta manear evitar que residuos obstaculicen bocacalles o sumideros.<\/strong><\/p>\n\n\n\n<p>Por \u00faltimo, se recuerdan las v\u00edas de comunicaci\u00f3n por cualquier emergencia:<\/p>\n\n\n\n<p>2284 531118 Guardia Desarrollo Social (llamadas y WhatsApp)<\/p>\n\n\n\n<p>2284 544817 VER, Vecinos en Red (Solo WhatsApp)<\/p>\n\n\n\n<p>419016\/17 Centro de Monitoreo<\/p>\n\n\n\n<p>147 Linea de Atenci\u00f3n Ciudadana<\/p>\n\n\n\n<p>100 Bomberos<\/p>\n\n\n\n<p>103 Defensa Civil<\/p>\n\n\n\n<p>107 Hospital<\/p>\n\n\n\n<p>911 Polic\u00eda<\/p>\n","protected":false},"excerpt":{"rendered":"<p>Confirm\u00f3 que en 6 d\u00edas hubo casi 160 mil\u00edmetros de lluvia y pidi\u00f3 la \u201ccolaboraci\u00f3n de todos\u201d. Indic\u00f3 que no<\/p>\n","protected":false},"author":2,"featured_media":165806,"comment_status":"closed","ping_status":"closed","sticky":false,"template":"","format":"standard","meta":{"_jetpack_memberships_contains_paid_content":false,"footnotes":""},"categories":[5,1],"tags":[],"class_list":["post-165805","post","type-post","status-publish","format-standard","has-post-thumbnail","hentry","category-informacion-general","category-portada"],"jetpack_featured_media_url":"https:\/\/i0.wp.com\/cdnoticias.com\/wp-content\/uploads\/2025\/03\/WhatsApp-Image-2025-03-06-at-15.39.18.jpeg?fit=1600%2C900&ssl=1","jetpack_sharing_enabled":true,"_links":{"self":[{"href":"https:\/\/cdnoticias.com\/index.php\/wp-json\/wp\/v2\/posts\/165805","targetHints":{"allow":["GET"]}}],"collection":[{"href":"https:\/\/cdnoticias.com\/index.php\/wp-json\/wp\/v2\/posts"}],"about":[{"href":"https:\/\/cdnoticias.com\/index.php\/wp-json\/wp\/v2\/types\/post"}],"author":[{"embeddable":true,"href":"https:\/\/cdnoticias.com\/index.php\/wp-json\/wp\/v2\/users\/2"}],"replies":[{"embeddable":true,"href":"https:\/\/cdnoticias.com\/index.php\/wp-json\/wp\/v2\/comments?post=165805"}],"version-history":[{"count":0,"href":"https:\/\/cdnoticias.com\/index.php\/wp-json\/wp\/v2\/posts\/165805\/revisions"}],"wp:featuredmedia":[{"embeddable":true,"href":"https:\/\/cdnoticias.com\/index.php\/wp-json\/wp\/v2\/media\/165806"}],"wp:attachment":[{"href":"https:\/\/cdnoticias.com\/index.php\/wp-json\/wp\/v2\/media?parent=165805"}],"wp:term":[{"taxonomy":"category","embeddable":true,"href":"https:\/\/cdnoticias.com\/index.php\/wp-json\/wp\/v2\/categories?post=165805"},{"taxonomy":"post_tag","embeddable":true,"href":"https:\/\/cdnoticias.com\/index.php\/wp-json\/wp\/v2\/tags?post=165805"}],"curies":[{"name":"wp","href":"https:\/\/api.w.org\/{rel}","templated":true}]}}