{"id":16580,"date":"2021-03-19T08:45:16","date_gmt":"2021-03-19T11:45:16","guid":{"rendered":"http:\/\/www.centraldenoticias.com.ar\/?p=16580"},"modified":"2021-03-19T13:34:00","modified_gmt":"2021-03-19T16:34:00","slug":"suteba-informo-que-no-habra-cese-de-ningun-docente-en-el-conservatorio","status":"publish","type":"post","link":"https:\/\/cdnoticias.com\/index.php\/2021\/03\/19\/suteba-informo-que-no-habra-cese-de-ningun-docente-en-el-conservatorio\/","title":{"rendered":"Suteba inform\u00f3 que \u201cno habr\u00e1 cese de ning\u00fan docente\u201d en el Conservatorio"},"content":{"rendered":"<p>Fue tras la reuni\u00f3n que la secretaria adjunta del sindicato, Mar\u00eda Elisa Ris\u00e9, mantuvo con autoridades de la Direcci\u00f3n General de Cultura y Educaci\u00f3n.<!--more--><\/p>\n<hr \/>\n<p>En el marco del conflicto que este jueves tuvo <a href=\"https:\/\/cdnoticias.com\/index.php\/2021\/03\/18\/a-pura-musica-docentes-del-conservatorio-protestaron-en-el-centro\/\" target=\"_blank\" rel=\"noopener\">manifestaci\u00f3n p\u00fablica por parte del personal del Conservatorio de M\u00fasica<\/a>, a \u00faltima hora <strong>Suteba inform\u00f3 que \u201cno habr\u00e1 cese de ning\u00fan docente\u201d<\/strong>.<\/p>\n<p>&nbsp;<\/p>\n<p>Tal como hab\u00eda informado <strong>la secretaria general, Ver\u00f3nica Danelli<\/strong>, a <strong>Central de Noticias<\/strong> durante el jueves <a href=\"https:\/\/cdnoticias.com\/index.php\/2021\/03\/18\/conservatorio-suteba-pidio-intervencion-de-la-direccion-de-artistica-para-mantener-los-modulos-de-trabajo\/\" target=\"_blank\" rel=\"noopener\">hubo una presentaci\u00f3n desde Suteba en la Direcci\u00f3n de Educaci\u00f3n Art\u00edstica<\/a> en La Plata para pedir la intervenci\u00f3n de este organismo a fin de evitar el recorte de horas laborales en el establecimiento educativo.<\/p>\n<p>&nbsp;<\/p>\n<blockquote><p>En la noche del jueves, la misma Danelli dio a conocer que \u201cfruto del encuentro con autoridades de la Direcci\u00f3n General de Escuelas, se acord\u00f3 avanzar en la construcci\u00f3n de consensos para la elaboraci\u00f3n y ejecuci\u00f3n de propuestas que permitan garantizar los derechos laborales de lxs docentes y los derechos de lxs estudiantes, al tiempo que se ratifica que no habr\u00e1 cese de ning\u00fan docente\u201d.<\/p><\/blockquote>\n<p><img data-recalc-dims=\"1\" loading=\"lazy\" decoding=\"async\" class=\"aligncenter wp-image-16583 size-full\" src=\"https:\/\/i0.wp.com\/cdnoticias.com\/wp-content\/uploads\/2021\/03\/suteba01.jpg?resize=800%2C445&#038;ssl=1\" alt=\"\" width=\"800\" height=\"445\" srcset=\"https:\/\/i0.wp.com\/cdnoticias.com\/wp-content\/uploads\/2021\/03\/suteba01.jpg?w=800&amp;ssl=1 800w, https:\/\/i0.wp.com\/cdnoticias.com\/wp-content\/uploads\/2021\/03\/suteba01.jpg?resize=300%2C167&amp;ssl=1 300w, https:\/\/i0.wp.com\/cdnoticias.com\/wp-content\/uploads\/2021\/03\/suteba01.jpg?resize=768%2C427&amp;ssl=1 768w\" sizes=\"auto, (max-width: 800px) 100vw, 800px\" \/><\/p>\n<p>&nbsp;<\/p>\n<p><strong>La secretaria adjunta del sindicato, Mar\u00eda Elisa Ris\u00e9, expuso la situaci\u00f3n ante las autoridades educativas<\/strong> y entreg\u00f3 una nota en la que pidi\u00f3<strong> \u201ccontemplar uno o varios proyectos o programas que permitan reasignar estos puestos de trabajo\u201d<\/strong>.<\/p>\n<p>&nbsp;<\/p>\n<p>La nota est\u00e1 dirigida al subdirector de la Direcci\u00f3n de Educaci\u00f3n Art\u00edstica, Daniel Fabi\u00e1n y all\u00ed se reconoci\u00f3 \u201cla necesidad de regularizar la situaci\u00f3n\u201d al tiempo que se resalt\u00f3 que \u201c<strong>se trata de profesores con una formaci\u00f3n espec\u00edfica<\/strong>, concretamente profesores de piano y guitarra, que desde hace a\u00f1os conservan esta fuente laboral por cargos docentes a los que accedieron en su mayor\u00eda por dif\u00edcil cobertura\u201d.<\/p>\n<p><img data-recalc-dims=\"1\" loading=\"lazy\" decoding=\"async\" class=\"aligncenter wp-image-16499 size-large\" src=\"https:\/\/i0.wp.com\/cdnoticias.com\/wp-content\/uploads\/2021\/03\/manifestacion-conservatorio7.jpg?resize=800%2C600&#038;ssl=1\" alt=\"\" width=\"800\" height=\"600\" srcset=\"https:\/\/i0.wp.com\/cdnoticias.com\/wp-content\/uploads\/2021\/03\/manifestacion-conservatorio7.jpg?resize=1024%2C768&amp;ssl=1 1024w, https:\/\/i0.wp.com\/cdnoticias.com\/wp-content\/uploads\/2021\/03\/manifestacion-conservatorio7.jpg?resize=300%2C225&amp;ssl=1 300w, https:\/\/i0.wp.com\/cdnoticias.com\/wp-content\/uploads\/2021\/03\/manifestacion-conservatorio7.jpg?resize=768%2C576&amp;ssl=1 768w, https:\/\/i0.wp.com\/cdnoticias.com\/wp-content\/uploads\/2021\/03\/manifestacion-conservatorio7.jpg?w=1040&amp;ssl=1 1040w\" sizes=\"auto, (max-width: 800px) 100vw, 800px\" \/><\/p>\n<p>&nbsp;<\/p>\n<p>En ese sentido se consider\u00f3 que de cesar en sus cargos <strong>\u201cno se podr\u00eda reemplazar r\u00e1pidamente esta fuente laboral\u201d<\/strong> y, en la misma nota, se hizo hincapi\u00e9 en la trayectoria del Conservatorio de M\u00fasica en el \u00e1mbito educativo y art\u00edstico local.<\/p>\n<p>&nbsp;<\/p>\n<blockquote><p>\u201cLas autoridades de la Direcci\u00f3n General de Cultura y Educaci\u00f3n mostraron voluntad para encontrar una salida al conflicto, asegurando la continuidad de los docentes\u201d se destac\u00f3 desde Suteba Olavarr\u00eda tras el encuentro.<\/p><\/blockquote>\n","protected":false},"excerpt":{"rendered":"<p>Fue tras la reuni\u00f3n que la secretaria adjunta del sindicato, Mar\u00eda Elisa Ris\u00e9, mantuvo con autoridades de la Direcci\u00f3n General<\/p>\n","protected":false},"author":4,"featured_media":16582,"comment_status":"closed","ping_status":"closed","sticky":false,"template":"","format":"standard","meta":{"_jetpack_memberships_contains_paid_content":false,"footnotes":""},"categories":[5,1],"tags":[],"class_list":["post-16580","post","type-post","status-publish","format-standard","has-post-thumbnail","hentry","category-informacion-general","category-portada"],"jetpack_featured_media_url":"https:\/\/i0.wp.com\/cdnoticias.com\/wp-content\/uploads\/2021\/03\/suteba00.jpg?fit=800%2C445&ssl=1","jetpack_sharing_enabled":true,"_links":{"self":[{"href":"https:\/\/cdnoticias.com\/index.php\/wp-json\/wp\/v2\/posts\/16580","targetHints":{"allow":["GET"]}}],"collection":[{"href":"https:\/\/cdnoticias.com\/index.php\/wp-json\/wp\/v2\/posts"}],"about":[{"href":"https:\/\/cdnoticias.com\/index.php\/wp-json\/wp\/v2\/types\/post"}],"author":[{"embeddable":true,"href":"https:\/\/cdnoticias.com\/index.php\/wp-json\/wp\/v2\/users\/4"}],"replies":[{"embeddable":true,"href":"https:\/\/cdnoticias.com\/index.php\/wp-json\/wp\/v2\/comments?post=16580"}],"version-history":[{"count":0,"href":"https:\/\/cdnoticias.com\/index.php\/wp-json\/wp\/v2\/posts\/16580\/revisions"}],"wp:featuredmedia":[{"embeddable":true,"href":"https:\/\/cdnoticias.com\/index.php\/wp-json\/wp\/v2\/media\/16582"}],"wp:attachment":[{"href":"https:\/\/cdnoticias.com\/index.php\/wp-json\/wp\/v2\/media?parent=16580"}],"wp:term":[{"taxonomy":"category","embeddable":true,"href":"https:\/\/cdnoticias.com\/index.php\/wp-json\/wp\/v2\/categories?post=16580"},{"taxonomy":"post_tag","embeddable":true,"href":"https:\/\/cdnoticias.com\/index.php\/wp-json\/wp\/v2\/tags?post=16580"}],"curies":[{"name":"wp","href":"https:\/\/api.w.org\/{rel}","templated":true}]}}