{"id":165775,"date":"2025-03-06T14:27:35","date_gmt":"2025-03-06T17:27:35","guid":{"rendered":"https:\/\/cdnoticias.com\/?p=165775"},"modified":"2025-03-06T14:27:39","modified_gmt":"2025-03-06T17:27:39","slug":"sierras-bayas-un-arbol-cayo-arriba-de-dos-vehiculos","status":"publish","type":"post","link":"https:\/\/cdnoticias.com\/index.php\/2025\/03\/06\/sierras-bayas-un-arbol-cayo-arriba-de-dos-vehiculos\/","title":{"rendered":"Sierras Bayas: un \u00e1rbol cay\u00f3 arriba de dos veh\u00edculos"},"content":{"rendered":"\n<p>Ocurri\u00f3 fuera del Instituto Privado. Intervinieron Bomberos Voluntarios de la localidad.<\/p>\n\n\n\n<hr class=\"wp-block-separator has-alpha-channel-opacity\"\/>\n\n\n\n<p>Durante la tormenta registrada en la ma\u00f1ana de este jueves se produjo la<strong> ca\u00edda de un \u00e1rbol frente al Instituto Privado de Sierras Bayas.<\/strong><\/p>\n\n\n\n<p><\/p>\n\n\n\n<p>El ejemplar, de varios a\u00f1os, <strong>cay\u00f3 sobre dos veh\u00edculos<\/strong> que se encontraban estacionados en el sector.<\/p>\n\n\n\n<p><\/p>\n\n\n\n<p>Seg\u00fan pudo saber <em>Central de Noticias<\/em>,<strong> uno de los autos se llev\u00f3 la peor parte siendo aplastado en su totalidad. El otro veh\u00edculo, registr\u00f3 roturas en el parabrisas, \u00f3pticas y capot.<\/strong><\/p>\n\n\n\n<p><\/p>\n\n\n\n<figure class=\"wp-block-image size-full\"><img data-recalc-dims=\"1\" loading=\"lazy\" decoding=\"async\" width=\"800\" height=\"445\" src=\"https:\/\/i0.wp.com\/cdnoticias.com\/wp-content\/uploads\/2025\/03\/ssbb-autos-arbol-2.png?resize=800%2C445&#038;ssl=1\" alt=\"\" class=\"wp-image-165776\" srcset=\"https:\/\/i0.wp.com\/cdnoticias.com\/wp-content\/uploads\/2025\/03\/ssbb-autos-arbol-2.png?w=800&amp;ssl=1 800w, https:\/\/i0.wp.com\/cdnoticias.com\/wp-content\/uploads\/2025\/03\/ssbb-autos-arbol-2.png?resize=300%2C167&amp;ssl=1 300w, https:\/\/i0.wp.com\/cdnoticias.com\/wp-content\/uploads\/2025\/03\/ssbb-autos-arbol-2.png?resize=768%2C427&amp;ssl=1 768w\" sizes=\"auto, (max-width: 800px) 100vw, 800px\" \/><\/figure>\n\n\n\n<p><\/p>\n\n\n\n<p><strong>Bomberos Voluntarios de la localidad trabajaron en el sector<\/strong>. Afortunadamente, no se tuvieron que lamentar heridos.<\/p>\n\n\n\n<p><\/p>\n","protected":false},"excerpt":{"rendered":"<p>Ocurri\u00f3 fuera del Instituto Privado. Intervinieron Bomberos Voluntarios de la localidad. Durante la tormenta registrada en la ma\u00f1ana de este<\/p>\n","protected":false},"author":5,"featured_media":165777,"comment_status":"closed","ping_status":"closed","sticky":false,"template":"","format":"standard","meta":{"_jetpack_memberships_contains_paid_content":false,"footnotes":""},"categories":[14,1],"tags":[],"class_list":["post-165775","post","type-post","status-publish","format-standard","has-post-thumbnail","hentry","category-policiales","category-portada"],"jetpack_featured_media_url":"https:\/\/i0.wp.com\/cdnoticias.com\/wp-content\/uploads\/2025\/03\/ssbb-autos-arbol.png?fit=800%2C445&ssl=1","jetpack_sharing_enabled":true,"_links":{"self":[{"href":"https:\/\/cdnoticias.com\/index.php\/wp-json\/wp\/v2\/posts\/165775","targetHints":{"allow":["GET"]}}],"collection":[{"href":"https:\/\/cdnoticias.com\/index.php\/wp-json\/wp\/v2\/posts"}],"about":[{"href":"https:\/\/cdnoticias.com\/index.php\/wp-json\/wp\/v2\/types\/post"}],"author":[{"embeddable":true,"href":"https:\/\/cdnoticias.com\/index.php\/wp-json\/wp\/v2\/users\/5"}],"replies":[{"embeddable":true,"href":"https:\/\/cdnoticias.com\/index.php\/wp-json\/wp\/v2\/comments?post=165775"}],"version-history":[{"count":0,"href":"https:\/\/cdnoticias.com\/index.php\/wp-json\/wp\/v2\/posts\/165775\/revisions"}],"wp:featuredmedia":[{"embeddable":true,"href":"https:\/\/cdnoticias.com\/index.php\/wp-json\/wp\/v2\/media\/165777"}],"wp:attachment":[{"href":"https:\/\/cdnoticias.com\/index.php\/wp-json\/wp\/v2\/media?parent=165775"}],"wp:term":[{"taxonomy":"category","embeddable":true,"href":"https:\/\/cdnoticias.com\/index.php\/wp-json\/wp\/v2\/categories?post=165775"},{"taxonomy":"post_tag","embeddable":true,"href":"https:\/\/cdnoticias.com\/index.php\/wp-json\/wp\/v2\/tags?post=165775"}],"curies":[{"name":"wp","href":"https:\/\/api.w.org\/{rel}","templated":true}]}}