{"id":165734,"date":"2025-03-06T10:53:01","date_gmt":"2025-03-06T13:53:01","guid":{"rendered":"https:\/\/cdnoticias.com\/?p=165734"},"modified":"2025-03-06T11:48:27","modified_gmt":"2025-03-06T14:48:27","slug":"lluvia-e-inicio-de-clases-la-mayoria-de-los-inconvenientes-fueron-por-desagues-tapados","status":"publish","type":"post","link":"https:\/\/cdnoticias.com\/index.php\/2025\/03\/06\/lluvia-e-inicio-de-clases-la-mayoria-de-los-inconvenientes-fueron-por-desagues-tapados\/","title":{"rendered":"Lluvia e inicio de clases: \u201cla mayor\u00eda de los inconvenientes fueron por desag\u00fces tapados\u201d"},"content":{"rendered":"\n<p>As\u00ed lo describi\u00f3 la Jefa Regional de Educaci\u00f3n Marta Casanella. La suspensi\u00f3n de clases en algunas escuelas durante el turno ma\u00f1ana de este jueves y la evaluaci\u00f3n realizada hasta el momento.<\/p>\n\n\n\n<hr class=\"wp-block-separator has-alpha-channel-opacity\"\/>\n\n\n\n<p>La<strong> Jefa Regional de Educaci\u00f3n Marta Casanella <\/strong>habl\u00f3 con el <strong>programa Levantate (Radio Sapiens)<\/strong> sobre el trabajo realizado en distintos establecimientos educativos de la ciudad y las localidades durante la jornada del mi\u00e9rcoles y el desarrollo previsto para este jueves ante la continuidad de las intensas lluvias.<\/p>\n\n\n\n<p><\/p>\n\n\n\n<p>Casanella destac\u00f3 que <strong>\u201cestuvimos trabajando desde el primer momento. Tuvimos inconvenientes en su gran mayor\u00eda por desag\u00fces pluviales tapados lo que dificultaba el drenaje del agua<\/strong>\u201d.<\/p>\n\n\n\n<p><\/p>\n\n\n\n<p>Asimismo, se refiri\u00f3 a dos instituciones educativas cuyos inconvenientes trascendieron a partir de la viralizaci\u00f3n de distintas im\u00e1genes: <strong>la Escuela Primaria N\u00b0 22 y la Escuela Primaria N\u00b053.<\/strong><\/p>\n\n\n\n<p><\/p>\n\n\n\n<blockquote class=\"wp-block-quote is-layout-flow wp-block-quote-is-layout-flow\">\n<p>\u201c<strong>Los inconvenientes m\u00e1s importantes se dieron en estas dos escuelas y en otras tambi\u00e9n tuvimos filtraciones del mismo tenor. <\/strong>En algunos otros casos, hay elevaciones en el patio por lo que el agua ingresa a los establecimientos, pero bueno, ya cuando el agua cede se soluciona\u201d, describi\u00f3.<\/p>\n<\/blockquote>\n\n\n\n<p><\/p>\n\n\n\n<p>Casanella resalt\u00f3 que en la <strong>Primaria N\u00b022<\/strong> \u201chay una obra terminada e incluso <strong>el agua que ingres\u00f3 no corresponde a una filtraci\u00f3n de techos sino a un desag\u00fce<\/strong> que por lo que relataron quienes fueron inmediatamente<strong> estaba tapado por una patente de una moto<\/strong>\u201d.<\/p>\n\n\n\n<p><\/p>\n\n\n\n<p>En tanto, en la <strong>Escuela Primaria N\u00b053<\/strong>, record\u00f3 que <strong>\u201cest\u00e1 la obra prevista para dar inicio y comenzar\u00e1 en cuanto a las condiciones clim\u00e1ticas lo permitan\u201d<\/strong>. En ese sentido, agreg\u00f3 que el detalle de los<a href=\"https:\/\/cdnoticias.com\/index.php\/2025\/02\/27\/el-consejo-escolar-invirtio-mas-de-55-millones-de-pesos-en-mejoras-en-escuelas\/\" data-type=\"link\" data-id=\"https:\/\/cdnoticias.com\/index.php\/2025\/02\/27\/el-consejo-escolar-invirtio-mas-de-55-millones-de-pesos-en-mejoras-en-escuelas\/\"> trabajos realizados antes del comienzo de las clases<\/a> fue informado recientemente por el presidente del Consejo Escolar Ariel Rodr\u00edguez.<\/p>\n\n\n\n<p><\/p>\n\n\n\n<p><strong>Suspensiones de clases en turno ma\u00f1ana<\/strong><\/p>\n\n\n\n<p><\/p>\n\n\n\n<p>Este jueves<strong> fueron suspendidas clases en el turno ma\u00f1ana<\/strong> en dos jardines por ingreso de agua. Se trata de los<strong> jardines 913 y 922. <\/strong>Adem\u00e1s, <strong>se suspendieron las clases en Primaria 53 y Secundaria 21, siempre en turno ma\u00f1ana.<\/strong><\/p>\n\n\n\n<p><\/p>\n\n\n\n<p>Respecto al<strong> dictado de clases en el resto de la jornada y para el d\u00eda viernes<\/strong>, Casanella pidi\u00f3 a la comunidad \u201crespetar las indicaciones de Defensa Civil y estar atentos a c\u00f3mo viene el clima. Estamos en permanente comunicaci\u00f3n con todos los directores y tomamos decisiones a medida que transcurran estos d\u00edas de tormenta que nos quedan\u201d.<\/p>\n\n\n\n<p><\/p>\n\n\n\n<p><strong>Obras realizadas<\/strong><\/p>\n\n\n\n<p><\/p>\n\n\n\n<p>Por otra parte, la jefa de Educaci\u00f3n Regional llev\u00f3 tranquilidad a la comunidad e indic\u00f3 que <strong>\u201cestamos trabajando desde hace 6 a\u00f1os de manera continuada en lo que se llama Riego Inicial, que son las condiciones de inicio. <\/strong>Trabajamos con grandes obras en escuelas de manera permanente, tanto de mantenimiento como de construcci\u00f3n de nuevos edificios\u201d.<\/p>\n\n\n\n<p><\/p>\n\n\n\n<p>\u201cEl hecho de que el clima hoy nos someta a estas tormentas imprevisibles nos impone tambi\u00e9n organizarnos hacia adentro de la comunidad educativa. Ayer estuvimos en comunicaci\u00f3n con los directores y recordamos que tienen que apegarse a su <strong>plan de riesgo<\/strong> cuando sucede alg\u00fan imprevisto, hay un plan que ya est\u00e1 armado\u201d, inform\u00f3.<\/p>\n","protected":false},"excerpt":{"rendered":"<p>As\u00ed lo describi\u00f3 la Jefa Regional de Educaci\u00f3n Marta Casanella. La suspensi\u00f3n de clases en algunas escuelas durante el turno<\/p>\n","protected":false},"author":5,"featured_media":165694,"comment_status":"closed","ping_status":"closed","sticky":false,"template":"","format":"standard","meta":{"_jetpack_memberships_contains_paid_content":false,"footnotes":""},"categories":[5,1],"tags":[],"class_list":["post-165734","post","type-post","status-publish","format-standard","has-post-thumbnail","hentry","category-informacion-general","category-portada"],"jetpack_featured_media_url":"https:\/\/i0.wp.com\/cdnoticias.com\/wp-content\/uploads\/2025\/03\/reclamo-escuelas.jpg?fit=1000%2C600&ssl=1","jetpack_sharing_enabled":true,"_links":{"self":[{"href":"https:\/\/cdnoticias.com\/index.php\/wp-json\/wp\/v2\/posts\/165734","targetHints":{"allow":["GET"]}}],"collection":[{"href":"https:\/\/cdnoticias.com\/index.php\/wp-json\/wp\/v2\/posts"}],"about":[{"href":"https:\/\/cdnoticias.com\/index.php\/wp-json\/wp\/v2\/types\/post"}],"author":[{"embeddable":true,"href":"https:\/\/cdnoticias.com\/index.php\/wp-json\/wp\/v2\/users\/5"}],"replies":[{"embeddable":true,"href":"https:\/\/cdnoticias.com\/index.php\/wp-json\/wp\/v2\/comments?post=165734"}],"version-history":[{"count":0,"href":"https:\/\/cdnoticias.com\/index.php\/wp-json\/wp\/v2\/posts\/165734\/revisions"}],"wp:featuredmedia":[{"embeddable":true,"href":"https:\/\/cdnoticias.com\/index.php\/wp-json\/wp\/v2\/media\/165694"}],"wp:attachment":[{"href":"https:\/\/cdnoticias.com\/index.php\/wp-json\/wp\/v2\/media?parent=165734"}],"wp:term":[{"taxonomy":"category","embeddable":true,"href":"https:\/\/cdnoticias.com\/index.php\/wp-json\/wp\/v2\/categories?post=165734"},{"taxonomy":"post_tag","embeddable":true,"href":"https:\/\/cdnoticias.com\/index.php\/wp-json\/wp\/v2\/tags?post=165734"}],"curies":[{"name":"wp","href":"https:\/\/api.w.org\/{rel}","templated":true}]}}