{"id":165732,"date":"2025-03-06T10:30:05","date_gmt":"2025-03-06T13:30:05","guid":{"rendered":"https:\/\/cdnoticias.com\/?p=165732"},"modified":"2025-03-06T10:30:08","modified_gmt":"2025-03-06T13:30:08","slug":"se-reprogramo-el-acto-de-apertura-de-sesiones-del-hcd-de-olavarria","status":"publish","type":"post","link":"https:\/\/cdnoticias.com\/index.php\/2025\/03\/06\/se-reprogramo-el-acto-de-apertura-de-sesiones-del-hcd-de-olavarria\/","title":{"rendered":"Se reprogram\u00f3 el acto de apertura de sesiones del HCD de Olavarr\u00eda"},"content":{"rendered":"<p>Debido a las condiciones del tiempo, el acto con el discurso del intendente Maximiliano Wesner pas\u00f3 para el lunes pr\u00f3ximo.<!--more--><\/p>\n<hr \/>\n<p>Desde el <strong>Concejo Deliberante de Olavarr\u00eda<\/strong> se anunci\u00f3 la <strong>reprogramaci\u00f3n<\/strong> del <strong>acto de apertura de sesiones del Concejo Deliberante<\/strong>.<\/p>\n<p>\u00a0<\/p>\n<p><a href=\"https:\/\/cdnoticias.com\/index.php\/2025\/02\/27\/el-hcd-fijo-fecha-para-la-apertura-de-sesiones\/\" target=\"_blank\" rel=\"noopener\">El acto inicialmente previsto para este jueves<\/a>, fue suspendido <strong>debido a las condiciones adversas del tiempo<\/strong> previstas para toda la jornada.<\/p>\n<p>\u00a0<\/p>\n<blockquote>\n<p>El presidente del Concejo Deliberante, Guillermo Santell\u00e1n, dispuso que se har\u00e1 el lunes a las 19 en el Centro de Convenciones de Olavarr\u00eda.<\/p>\n<\/blockquote>\n<p>\u00a0<\/p>\n<p>Como sucede anualmente, <strong>el intendente Maximiliano Wesner brindar\u00e1 su discurso<\/strong> ante la asamblea de concejales para abrir formalmente el a\u00f1o legislativo.<\/p>\n\n\n<p><\/p>\n","protected":false},"excerpt":{"rendered":"<p>Debido a las condiciones del tiempo, el acto con el discurso del intendente Maximiliano Wesner pas\u00f3 para el lunes pr\u00f3ximo.<\/p>\n","protected":false},"author":4,"featured_media":110425,"comment_status":"closed","ping_status":"closed","sticky":false,"template":"","format":"standard","meta":{"_jetpack_memberships_contains_paid_content":false,"footnotes":""},"categories":[4,1],"tags":[],"class_list":["post-165732","post","type-post","status-publish","format-standard","has-post-thumbnail","hentry","category-politica","category-portada"],"jetpack_featured_media_url":"https:\/\/i0.wp.com\/cdnoticias.com\/wp-content\/uploads\/2024\/03\/apertura-sesiones-wesner-2024-56-1.jpg?fit=1600%2C890&ssl=1","jetpack_sharing_enabled":true,"_links":{"self":[{"href":"https:\/\/cdnoticias.com\/index.php\/wp-json\/wp\/v2\/posts\/165732","targetHints":{"allow":["GET"]}}],"collection":[{"href":"https:\/\/cdnoticias.com\/index.php\/wp-json\/wp\/v2\/posts"}],"about":[{"href":"https:\/\/cdnoticias.com\/index.php\/wp-json\/wp\/v2\/types\/post"}],"author":[{"embeddable":true,"href":"https:\/\/cdnoticias.com\/index.php\/wp-json\/wp\/v2\/users\/4"}],"replies":[{"embeddable":true,"href":"https:\/\/cdnoticias.com\/index.php\/wp-json\/wp\/v2\/comments?post=165732"}],"version-history":[{"count":0,"href":"https:\/\/cdnoticias.com\/index.php\/wp-json\/wp\/v2\/posts\/165732\/revisions"}],"wp:featuredmedia":[{"embeddable":true,"href":"https:\/\/cdnoticias.com\/index.php\/wp-json\/wp\/v2\/media\/110425"}],"wp:attachment":[{"href":"https:\/\/cdnoticias.com\/index.php\/wp-json\/wp\/v2\/media?parent=165732"}],"wp:term":[{"taxonomy":"category","embeddable":true,"href":"https:\/\/cdnoticias.com\/index.php\/wp-json\/wp\/v2\/categories?post=165732"},{"taxonomy":"post_tag","embeddable":true,"href":"https:\/\/cdnoticias.com\/index.php\/wp-json\/wp\/v2\/tags?post=165732"}],"curies":[{"name":"wp","href":"https:\/\/api.w.org\/{rel}","templated":true}]}}