{"id":165729,"date":"2025-03-06T09:37:19","date_gmt":"2025-03-06T12:37:19","guid":{"rendered":"https:\/\/cdnoticias.com\/?p=165729"},"modified":"2025-03-06T11:10:47","modified_gmt":"2025-03-06T14:10:47","slug":"tormentas-fuertes-ahora-el-alerta-es-naranja-y-hay-una-advertencia-a-corto-plazo","status":"publish","type":"post","link":"https:\/\/cdnoticias.com\/index.php\/2025\/03\/06\/tormentas-fuertes-ahora-el-alerta-es-naranja-y-hay-una-advertencia-a-corto-plazo\/","title":{"rendered":"Tormentas fuertes: ahora el alerta es naranja y hay una advertencia a corto plazo"},"content":{"rendered":"<p>Hacia las 9 de este jueves cambiaron las advertencias del SMN para Olavarr\u00eda. Hasta las 11 de este jueves se prev\u00e9n lluvias intensas y r\u00e1fagas de viento. Las recomendaciones.<!--more--><\/p>\n<hr \/>\n<p>El <strong>Servicio Meteorol\u00f3gico Nacional<\/strong> profundiz\u00f3 las<strong> advertencias por tormentas para Olavarr\u00eda y la regi\u00f3n centro<\/strong> de la provincia.<\/p>\n<blockquote><p>A partir de las 9 de este jueves cambi\u00f3 a nivel naranja el alerta por tormentas fuertes y en paralelo se emiti\u00f3 un aviso a muy corto plazo por \u201ctormentas fuertes con lluvias intensas y r\u00e1fagas\u201d con validez hasta las 11 de la ma\u00f1ana. Este aviso alcanza tambi\u00e9n a los distritos de Tapalqu\u00e9, Alvear, Bol\u00edvar, Saladillo, 25 de Mayo y 9 de Julio.<\/p><\/blockquote>\n<p>En cuanto al <strong>alerta naranja<\/strong> se anunci\u00f3 que \u201clas<strong> tormentas<\/strong> continuar\u00e1n con<strong> intensidad fuerte a severa<\/strong> en la regi\u00f3n, acompa\u00f1adas por<strong> r\u00e1fagas intensas, ca\u00edda de granizo, y abundante ca\u00edda de agua<\/strong> en cortos per\u00edodos de tiempo. Se prev\u00e9n valores de <strong>precipitaci\u00f3n acumulada entre 60 y 100 mm<\/strong>, pudiendo ser superados en forma puntual\u201d.<\/p>\n<p>Las<strong> recomendaciones<\/strong> para este nivel de alerta son de <strong>preparaci\u00f3n<\/strong> para la comunidad ya que <em>\u201cse esperan fen\u00f3menos meteorol\u00f3gicos peligrosos para la sociedad, la vida, los bienes y el medio ambiente\u201d.<\/em><\/p>\n<p>El organismo nacional recomienda a los vecinos <strong>asegurar los objetos que puedan ser arrojados por el viento<\/strong>, mantenerse<strong> alejado de los \u00e1rboles<\/strong> ya que la fuerza del viento podr\u00eda quebrar alguna de sus ramas, <strong>permanecer en construcciones cerradas<\/strong> como casas, escuelas o edificios p\u00fablicos.<\/p>\n<p>Adem\u00e1s, mantenerse<strong> alejado de artefactos el\u00e9ctricos<\/strong>, <strong>evitar circular<\/strong> por calles inundadas o afectadas,<strong> si hay riesgo de que el agua ingrese en las casas cortar el suministro el\u00e9ctrico<\/strong>. Tambi\u00e9n se recomend\u00f3<strong> evitar actividades al aire libre<\/strong>.<\/p>\n","protected":false},"excerpt":{"rendered":"<p>Hacia las 9 de este jueves cambiaron las advertencias del SMN para Olavarr\u00eda. Hasta las 11 de este jueves se<\/p>\n","protected":false},"author":4,"featured_media":165730,"comment_status":"closed","ping_status":"closed","sticky":false,"template":"","format":"standard","meta":{"_jetpack_memberships_contains_paid_content":false,"footnotes":""},"categories":[5,1],"tags":[],"class_list":["post-165729","post","type-post","status-publish","format-standard","has-post-thumbnail","hentry","category-informacion-general","category-portada"],"jetpack_featured_media_url":"https:\/\/i0.wp.com\/cdnoticias.com\/wp-content\/uploads\/2025\/03\/alerta-naranja-6-de-marzo-2025.jpg?fit=800%2C445&ssl=1","jetpack_sharing_enabled":true,"_links":{"self":[{"href":"https:\/\/cdnoticias.com\/index.php\/wp-json\/wp\/v2\/posts\/165729","targetHints":{"allow":["GET"]}}],"collection":[{"href":"https:\/\/cdnoticias.com\/index.php\/wp-json\/wp\/v2\/posts"}],"about":[{"href":"https:\/\/cdnoticias.com\/index.php\/wp-json\/wp\/v2\/types\/post"}],"author":[{"embeddable":true,"href":"https:\/\/cdnoticias.com\/index.php\/wp-json\/wp\/v2\/users\/4"}],"replies":[{"embeddable":true,"href":"https:\/\/cdnoticias.com\/index.php\/wp-json\/wp\/v2\/comments?post=165729"}],"version-history":[{"count":0,"href":"https:\/\/cdnoticias.com\/index.php\/wp-json\/wp\/v2\/posts\/165729\/revisions"}],"wp:featuredmedia":[{"embeddable":true,"href":"https:\/\/cdnoticias.com\/index.php\/wp-json\/wp\/v2\/media\/165730"}],"wp:attachment":[{"href":"https:\/\/cdnoticias.com\/index.php\/wp-json\/wp\/v2\/media?parent=165729"}],"wp:term":[{"taxonomy":"category","embeddable":true,"href":"https:\/\/cdnoticias.com\/index.php\/wp-json\/wp\/v2\/categories?post=165729"},{"taxonomy":"post_tag","embeddable":true,"href":"https:\/\/cdnoticias.com\/index.php\/wp-json\/wp\/v2\/tags?post=165729"}],"curies":[{"name":"wp","href":"https:\/\/api.w.org\/{rel}","templated":true}]}}