{"id":165725,"date":"2025-03-06T08:55:11","date_gmt":"2025-03-06T11:55:11","guid":{"rendered":"https:\/\/cdnoticias.com\/?p=165725"},"modified":"2025-03-06T11:34:11","modified_gmt":"2025-03-06T14:34:11","slug":"en-lo-que-va-de-marzo-ya-llovio-mas-milimetraje-que-en-el-resto-del-ano","status":"publish","type":"post","link":"https:\/\/cdnoticias.com\/index.php\/2025\/03\/06\/en-lo-que-va-de-marzo-ya-llovio-mas-milimetraje-que-en-el-resto-del-ano\/","title":{"rendered":"En lo que va de marzo, ya llovi\u00f3 m\u00e1s milimetraje que en el resto del a\u00f1o"},"content":{"rendered":"<p>En seis d\u00edas de marzo se superan los 120 mm ca\u00eddos en Olavarr\u00eda. En tanto, en dos semanas cayeron m\u00e1s de 200 mm. Este jueves, \u00a09,1 mm hasta las 7 de la ma\u00f1ana.<!--more--><\/p>\n<hr \/>\n<p>En los <strong>seis d\u00edas que han transcurrido de marzo<\/strong>, el <strong>registro de lluvia supera el milimetraje del resto del a\u00f1o<\/strong>. As\u00ed se informa en el registro oficial al que accedi\u00f3 <strong>Central de Noticias<\/strong> que recoge los datos de <em>precipitaciones de Olavarr\u00eda de enero, febrero y marzo<\/em>.<\/p>\n<p>Cabe resaltar que, <strong>habitualmente, marzo es uno de los meses con mayor cantidad de precipitaciones<\/strong> en la regi\u00f3n centro de la provincia.<\/p>\n<blockquote><p>Del s\u00e1bado 22 de febrero a hoy casi todos los d\u00edas tuvieron registro de precipitaciones y el fen\u00f3meno de tormenta se ha mantenido constante. El evento de estas \u00faltimas dos semanas dej\u00f3 204,2 mm de agua ca\u00edda sobre Olavarr\u00eda.<\/p><\/blockquote>\n<p><img data-recalc-dims=\"1\" loading=\"lazy\" decoding=\"async\" class=\"size-full wp-image-165638 aligncenter\" src=\"https:\/\/i0.wp.com\/cdnoticias.com\/wp-content\/uploads\/2025\/03\/lluvia-tormenta-4-de-marzo-2025-f-plaza-central.jpg?resize=800%2C445&#038;ssl=1\" alt=\"\" width=\"800\" height=\"445\" srcset=\"https:\/\/i0.wp.com\/cdnoticias.com\/wp-content\/uploads\/2025\/03\/lluvia-tormenta-4-de-marzo-2025-f-plaza-central.jpg?w=1000&amp;ssl=1 1000w, https:\/\/i0.wp.com\/cdnoticias.com\/wp-content\/uploads\/2025\/03\/lluvia-tormenta-4-de-marzo-2025-f-plaza-central.jpg?resize=300%2C167&amp;ssl=1 300w, https:\/\/i0.wp.com\/cdnoticias.com\/wp-content\/uploads\/2025\/03\/lluvia-tormenta-4-de-marzo-2025-f-plaza-central.jpg?resize=768%2C427&amp;ssl=1 768w, https:\/\/i0.wp.com\/cdnoticias.com\/wp-content\/uploads\/2025\/03\/lluvia-tormenta-4-de-marzo-2025-f-plaza-central.jpg?resize=800%2C445&amp;ssl=1 800w\" sizes=\"auto, (max-width: 800px) 100vw, 800px\" \/><\/p>\n<blockquote><p>Este jueves, entre las 5 y las 7, el agua ca\u00edda fue de 9.1 mm. Se destac\u00f3 que sumado a la precipitaci\u00f3n de este mi\u00e9rcoles, el total es de 61.9 mm.<\/p><\/blockquote>\n<p>El<strong> mi\u00e9rcoles 5 de marzo<\/strong> marc\u00f3 el <strong>m\u00e1ximo registro de lluvia del mes y del a\u00f1o<\/strong> en Olavarr\u00eda hasta el momento: <strong>52,8 mil\u00edmetros<\/strong> mientras que el <strong>viento alcanz\u00f3 r\u00e1fagas de hasta 68 km\/h.<\/strong><\/p>\n<p><img data-recalc-dims=\"1\" loading=\"lazy\" decoding=\"async\" class=\"size-full wp-image-165642 aligncenter\" src=\"https:\/\/i0.wp.com\/cdnoticias.com\/wp-content\/uploads\/2025\/03\/lluvia-tormenta-4-de-marzo-2025-g.jpg?resize=800%2C445&#038;ssl=1\" alt=\"\" width=\"800\" height=\"445\" srcset=\"https:\/\/i0.wp.com\/cdnoticias.com\/wp-content\/uploads\/2025\/03\/lluvia-tormenta-4-de-marzo-2025-g.jpg?w=1000&amp;ssl=1 1000w, https:\/\/i0.wp.com\/cdnoticias.com\/wp-content\/uploads\/2025\/03\/lluvia-tormenta-4-de-marzo-2025-g.jpg?resize=300%2C167&amp;ssl=1 300w, https:\/\/i0.wp.com\/cdnoticias.com\/wp-content\/uploads\/2025\/03\/lluvia-tormenta-4-de-marzo-2025-g.jpg?resize=768%2C427&amp;ssl=1 768w, https:\/\/i0.wp.com\/cdnoticias.com\/wp-content\/uploads\/2025\/03\/lluvia-tormenta-4-de-marzo-2025-g.jpg?resize=800%2C445&amp;ssl=1 800w\" sizes=\"auto, (max-width: 800px) 100vw, 800px\" \/><\/p>\n<blockquote><p>El dato de lluvia del tercer mes del a\u00f1o totaliza 123 mm. Se contemplan los 32,8 mm del martes 4 y los 28,3 mm del domingo 2.<\/p><\/blockquote>\n<p>En <strong>febrero<\/strong> la lluvia registrada fue de <strong>81,2 mm<\/strong> mientras que <strong>en enero, s\u00f3lo fueron 16 mm<\/strong>.<\/p>\n<p>En cuanto a <strong>febrero<\/strong>, cabe resaltar que<strong> los d\u00edas con precipitaciones se dieron sobre el final del mes<\/strong>: del s\u00e1bado 22 en adelante. El d\u00eda m\u00e1s lluvioso del segundo mes del a\u00f1o fue el <strong>domingo 23<\/strong> cuando el dato lleg\u00f3 a<strong> 42,7 mm<\/strong>.<\/p>\n","protected":false},"excerpt":{"rendered":"<p>En seis d\u00edas de marzo se superan los 120 mm ca\u00eddos en Olavarr\u00eda. En tanto, en dos semanas cayeron m\u00e1s<\/p>\n","protected":false},"author":4,"featured_media":102065,"comment_status":"closed","ping_status":"closed","sticky":false,"template":"","format":"standard","meta":{"_jetpack_memberships_contains_paid_content":false,"footnotes":""},"categories":[5,1],"tags":[],"class_list":["post-165725","post","type-post","status-publish","format-standard","has-post-thumbnail","hentry","category-informacion-general","category-portada"],"jetpack_featured_media_url":"https:\/\/i0.wp.com\/cdnoticias.com\/wp-content\/uploads\/2023\/11\/lluvia-telam.jpg?fit=1024%2C576&ssl=1","jetpack_sharing_enabled":true,"_links":{"self":[{"href":"https:\/\/cdnoticias.com\/index.php\/wp-json\/wp\/v2\/posts\/165725","targetHints":{"allow":["GET"]}}],"collection":[{"href":"https:\/\/cdnoticias.com\/index.php\/wp-json\/wp\/v2\/posts"}],"about":[{"href":"https:\/\/cdnoticias.com\/index.php\/wp-json\/wp\/v2\/types\/post"}],"author":[{"embeddable":true,"href":"https:\/\/cdnoticias.com\/index.php\/wp-json\/wp\/v2\/users\/4"}],"replies":[{"embeddable":true,"href":"https:\/\/cdnoticias.com\/index.php\/wp-json\/wp\/v2\/comments?post=165725"}],"version-history":[{"count":0,"href":"https:\/\/cdnoticias.com\/index.php\/wp-json\/wp\/v2\/posts\/165725\/revisions"}],"wp:featuredmedia":[{"embeddable":true,"href":"https:\/\/cdnoticias.com\/index.php\/wp-json\/wp\/v2\/media\/102065"}],"wp:attachment":[{"href":"https:\/\/cdnoticias.com\/index.php\/wp-json\/wp\/v2\/media?parent=165725"}],"wp:term":[{"taxonomy":"category","embeddable":true,"href":"https:\/\/cdnoticias.com\/index.php\/wp-json\/wp\/v2\/categories?post=165725"},{"taxonomy":"post_tag","embeddable":true,"href":"https:\/\/cdnoticias.com\/index.php\/wp-json\/wp\/v2\/tags?post=165725"}],"curies":[{"name":"wp","href":"https:\/\/api.w.org\/{rel}","templated":true}]}}