{"id":165722,"date":"2025-03-06T08:05:07","date_gmt":"2025-03-06T11:05:07","guid":{"rendered":"https:\/\/cdnoticias.com\/?p=165722"},"modified":"2025-03-06T11:10:59","modified_gmt":"2025-03-06T14:10:59","slug":"alerta-amarillo-por-tormenta-para-la-manana-de-este-jueves","status":"publish","type":"post","link":"https:\/\/cdnoticias.com\/index.php\/2025\/03\/06\/alerta-amarillo-por-tormenta-para-la-manana-de-este-jueves\/","title":{"rendered":"Alerta amarillo por tormenta para la ma\u00f1ana de este jueves"},"content":{"rendered":"<p>El SMN emiti\u00f3 la advertencia para la regi\u00f3n centro de la provincia: \u201cse prev\u00e9n valores de precipitaci\u00f3n acumulada entre 30 y 70 mm\u201d. Tambi\u00e9n hay alerta para el viernes.<!--more--><\/p>\n<hr \/>\n<p>El <strong>SMN<\/strong> renov\u00f3 el <strong>alerta amarillo para Olavarr\u00eda<\/strong> y la regi\u00f3n centro de la provincia de Buenos Aires por <strong>tormenta para la ma\u00f1ana de este jueves.<\/strong><\/p>\n<blockquote><p>\u201cEl \u00e1rea ser\u00e1 afectada por lluvias y tormentas de variada intensidad, algunas localmente fuertes. Las mismas estar\u00e1n acompa\u00f1adas principalmente por abundante ca\u00edda de agua en cortos per\u00edodos, ocasional granizo, y r\u00e1fagas que pueden superar los 70 km\/h. Se prev\u00e9n valores de precipitaci\u00f3n acumulada entre 30 y 70 mm, pudiendo ser superados en forma puntual\u201d indic\u00f3 el organismo.<\/p><\/blockquote>\n<p>Junto con el centro bonaerense, el sur tambi\u00e9n est\u00e1 alcanzado por alerta de nivel amarillo, mientras que para el oeste de la provincia es de nivel naranja. Adem\u00e1s, gran parte de la franja central del pa\u00eds est\u00e1 alcanzada por la advertencia: son <strong>seis provincias en total bajo alerta.<\/strong><\/p>\n<p>Acerca de las <strong>condiciones del tiempo previstas para este jueves<\/strong>, el SMN pronostic\u00f3 una <strong>m\u00e1xima de 31\u00ba<\/strong>. Se esperan <strong>tormentas fuertes para la ma\u00f1ana y la noche<\/strong> mientras que para la tarde el cielo estar\u00e1 mayormente nublado. El<strong> viento soplar\u00e1 del este<\/strong> a una velocidad entre 13 y 22 km\/h durante la ma\u00f1ana. <strong>Virar\u00e1 hacia el noreste a partir de la tarde<\/strong> para soplar hasta 31 km\/h.<\/p>\n<blockquote><p>En el caso de la provincia de Buenos Aires, el alerta de nivel amarillo tambi\u00e9n ya est\u00e1 emitido para este viernes y en cuanto a Olavarr\u00eda est\u00e1n previstas tormentas fuertes para la tarde y noche.<\/p><\/blockquote>\n","protected":false},"excerpt":{"rendered":"<p>El SMN emiti\u00f3 la advertencia para la regi\u00f3n centro de la provincia: \u201cse prev\u00e9n valores de precipitaci\u00f3n acumulada entre 30<\/p>\n","protected":false},"author":4,"featured_media":165723,"comment_status":"closed","ping_status":"closed","sticky":false,"template":"","format":"standard","meta":{"_jetpack_memberships_contains_paid_content":false,"footnotes":""},"categories":[5],"tags":[],"class_list":["post-165722","post","type-post","status-publish","format-standard","has-post-thumbnail","hentry","category-informacion-general"],"jetpack_featured_media_url":"https:\/\/i0.wp.com\/cdnoticias.com\/wp-content\/uploads\/2025\/03\/tormenta-5-de-marzo-00.jpg?fit=1000%2C556&ssl=1","jetpack_sharing_enabled":true,"_links":{"self":[{"href":"https:\/\/cdnoticias.com\/index.php\/wp-json\/wp\/v2\/posts\/165722","targetHints":{"allow":["GET"]}}],"collection":[{"href":"https:\/\/cdnoticias.com\/index.php\/wp-json\/wp\/v2\/posts"}],"about":[{"href":"https:\/\/cdnoticias.com\/index.php\/wp-json\/wp\/v2\/types\/post"}],"author":[{"embeddable":true,"href":"https:\/\/cdnoticias.com\/index.php\/wp-json\/wp\/v2\/users\/4"}],"replies":[{"embeddable":true,"href":"https:\/\/cdnoticias.com\/index.php\/wp-json\/wp\/v2\/comments?post=165722"}],"version-history":[{"count":0,"href":"https:\/\/cdnoticias.com\/index.php\/wp-json\/wp\/v2\/posts\/165722\/revisions"}],"wp:featuredmedia":[{"embeddable":true,"href":"https:\/\/cdnoticias.com\/index.php\/wp-json\/wp\/v2\/media\/165723"}],"wp:attachment":[{"href":"https:\/\/cdnoticias.com\/index.php\/wp-json\/wp\/v2\/media?parent=165722"}],"wp:term":[{"taxonomy":"category","embeddable":true,"href":"https:\/\/cdnoticias.com\/index.php\/wp-json\/wp\/v2\/categories?post=165722"},{"taxonomy":"post_tag","embeddable":true,"href":"https:\/\/cdnoticias.com\/index.php\/wp-json\/wp\/v2\/tags?post=165722"}],"curies":[{"name":"wp","href":"https:\/\/api.w.org\/{rel}","templated":true}]}}