{"id":165720,"date":"2025-03-06T07:47:56","date_gmt":"2025-03-06T10:47:56","guid":{"rendered":"https:\/\/cdnoticias.com\/?p=165720"},"modified":"2025-03-06T07:48:00","modified_gmt":"2025-03-06T10:48:00","slug":"hilda-del-valle-torres-viuda-de-san-julian-q-e-p-d","status":"publish","type":"post","link":"https:\/\/cdnoticias.com\/index.php\/2025\/03\/06\/hilda-del-valle-torres-viuda-de-san-julian-q-e-p-d\/","title":{"rendered":"Hilda del Valle Torres viuda de San Juli\u00e1n (Q.E.P.D.)"},"content":{"rendered":"<p>Falleci\u00f3 en Olavarr\u00eda el d\u00eda 6 de marzo de 2025 a los 76 a\u00f1os de edad.<\/p>\n<p>Sus hijos Carlos, Eduardo, Ver\u00f3nica, Norma, Jes\u00fas y Oscar. Sus hijos pol\u00edticos Hugo, Silvina y Lorena. Sus nietos Eugenia, Florencia, Agust\u00edn, Miguel, Camila, Lucas. Sus nietos pol\u00edticos. Su bisnieto Benjam\u00edn y dem\u00e1s deudos participan su fallecimiento.<\/p>\n<p>Velatorio: Sala velatoria de Sierras Bayas. Responso: Capilla Ardiente. Inhumaci\u00f3n: Cementerio de Sierras Bayas, jueves 6 de marzo a las 13:30 horas. Servicio adherido a Coopelectric.<\/p>\n<p>Vecina de Sierras Bayas.<\/p>\n<p>Nacida en Termas de Rio Hondo.<\/p>\n<p>Actividad que desarrollaba: Jubilada.<\/p>\n","protected":false},"excerpt":{"rendered":"<p>Falleci\u00f3 en Olavarr\u00eda el d\u00eda 6 de marzo de 2025 a los 76 a\u00f1os de edad. Sus hijos Carlos, Eduardo,<\/p>\n","protected":false},"author":4,"featured_media":51544,"comment_status":"closed","ping_status":"closed","sticky":false,"template":"","format":"standard","meta":{"_jetpack_memberships_contains_paid_content":false,"footnotes":""},"categories":[10],"tags":[],"class_list":["post-165720","post","type-post","status-publish","format-standard","has-post-thumbnail","hentry","category-necrologicas"],"jetpack_featured_media_url":"https:\/\/i0.wp.com\/cdnoticias.com\/wp-content\/uploads\/2022\/04\/necrologicas-390-x-240.jpg?fit=390%2C240&ssl=1","jetpack_sharing_enabled":true,"_links":{"self":[{"href":"https:\/\/cdnoticias.com\/index.php\/wp-json\/wp\/v2\/posts\/165720","targetHints":{"allow":["GET"]}}],"collection":[{"href":"https:\/\/cdnoticias.com\/index.php\/wp-json\/wp\/v2\/posts"}],"about":[{"href":"https:\/\/cdnoticias.com\/index.php\/wp-json\/wp\/v2\/types\/post"}],"author":[{"embeddable":true,"href":"https:\/\/cdnoticias.com\/index.php\/wp-json\/wp\/v2\/users\/4"}],"replies":[{"embeddable":true,"href":"https:\/\/cdnoticias.com\/index.php\/wp-json\/wp\/v2\/comments?post=165720"}],"version-history":[{"count":0,"href":"https:\/\/cdnoticias.com\/index.php\/wp-json\/wp\/v2\/posts\/165720\/revisions"}],"wp:featuredmedia":[{"embeddable":true,"href":"https:\/\/cdnoticias.com\/index.php\/wp-json\/wp\/v2\/media\/51544"}],"wp:attachment":[{"href":"https:\/\/cdnoticias.com\/index.php\/wp-json\/wp\/v2\/media?parent=165720"}],"wp:term":[{"taxonomy":"category","embeddable":true,"href":"https:\/\/cdnoticias.com\/index.php\/wp-json\/wp\/v2\/categories?post=165720"},{"taxonomy":"post_tag","embeddable":true,"href":"https:\/\/cdnoticias.com\/index.php\/wp-json\/wp\/v2\/tags?post=165720"}],"curies":[{"name":"wp","href":"https:\/\/api.w.org\/{rel}","templated":true}]}}