{"id":1657,"date":"2020-09-16T08:28:48","date_gmt":"2020-09-16T11:28:48","guid":{"rendered":"http:\/\/www.centraldenoticias.com.ar\/?p=1657"},"modified":"2020-09-16T12:40:21","modified_gmt":"2020-09-16T15:40:21","slug":"se-suspenden-la-elecciones-de-la-ucr","status":"publish","type":"post","link":"https:\/\/cdnoticias.com\/index.php\/2020\/09\/16\/se-suspenden-la-elecciones-de-la-ucr\/","title":{"rendered":"\u00bfSe suspenden la elecciones de la UCR?"},"content":{"rendered":"<p>En la ma\u00f1ana de este mi\u00e9rcoles, los apoderados de las listas que compiten por el Comit\u00e9 Provincia se reunir\u00e1n para tomar una decisi\u00f3n. La lista opositora, que encabeza Gustavo Posse, busca la suspensi\u00f3n.<!--more--><\/p>\n<hr \/>\n<p>Las elecciones de la UCR bonaerense fueron convocadas para el 11 de octubre. Tal como se adelant\u00f3, <a href=\"https:\/\/cdnoticias.com\/index.php\/2020\/09\/12\/ucr-cominotto-en-una-lista-provincial-y-cierre-local-con-tres-listas\/\">se inscribieron dos listas para competir por el Comit\u00e9 Provincia del radicalismo<\/a>. La oficialista, encabezada por Maximiliano Abad, y la opositora con Gustavo Posse a la cabeza.<\/p>\n<p>No obstante, desde la definici\u00f3n de la convocatoria a elecciones, <strong>el sector de Posse se pronunci\u00f3 en rechazo a la realizaci\u00f3n de los comicios<\/strong>. Consideran que en el contexto sanitario, con el aumento de los casos de coronavirus en todo el territorio bonaerense, deber\u00eda primar la prevenci\u00f3n y dejar las elecciones internas para m\u00e1s adelante.<\/p>\n<p>El grupo que lidera Posse continu\u00f3 con su postura y ello deriv\u00f3 en que <strong>este mi\u00e9rcoles se lleve adelante una reuni\u00f3n \u201cinformal\u201d en que las partes buscar\u00e1n \u201cacercar posiciones\u201d<\/strong>. Desde la oposici\u00f3n conf\u00edan en que se suspender\u00e1n los comicios.<\/p>\n<p>En el plenario que tuvo lugar en agosto, donde se defini\u00f3 el cronograma electoral, se impuso el oficialismo del actual presidente Daniel Salvador y termin\u00f3 por fijarse la fecha del 11 de octubre para las elecciones.<\/p>\n<p>Hoy el oficialismo sigue con la misma mayor\u00eda y, de convocarse a otro plenario para decidir si se avanza en el proceso electoral o se suspenden, impondr\u00e1 su postura.<\/p>\n<p>Por ello, los apoderados de cada lista y las actuales autoridades partidarias tendr\u00e1n un encuentro este mi\u00e9rcoles. Se espera que la decisi\u00f3n se conozca hoy mismo. <strong>En caso de que haya acuerdo para la suspensi\u00f3n, deber\u00e1 convocarse a un plenario para formalizar las medidas<\/strong>.<\/p>\n<p>Por \u00faltimo, cabe recordar que en el plano local, para la conducci\u00f3n del Comit\u00e9 Olavarr\u00eda de la UCR se registraron tres listas inscriptas: Gonzalo Dolagaray, Franco Illescas y Rub\u00e9n Lanceta buscan la presidencia.<\/p>\n","protected":false},"excerpt":{"rendered":"<p>En la ma\u00f1ana de este mi\u00e9rcoles, los apoderados de las listas que compiten por el Comit\u00e9 Provincia se reunir\u00e1n para<\/p>\n","protected":false},"author":4,"featured_media":1663,"comment_status":"closed","ping_status":"closed","sticky":false,"template":"","format":"standard","meta":{"_jetpack_memberships_contains_paid_content":false,"footnotes":""},"categories":[4,1],"tags":[],"class_list":["post-1657","post","type-post","status-publish","format-standard","has-post-thumbnail","hentry","category-politica","category-portada"],"jetpack_featured_media_url":"https:\/\/i0.wp.com\/cdnoticias.com\/wp-content\/uploads\/2020\/09\/ucr.jpg?fit=696%2C416&ssl=1","jetpack_sharing_enabled":true,"_links":{"self":[{"href":"https:\/\/cdnoticias.com\/index.php\/wp-json\/wp\/v2\/posts\/1657","targetHints":{"allow":["GET"]}}],"collection":[{"href":"https:\/\/cdnoticias.com\/index.php\/wp-json\/wp\/v2\/posts"}],"about":[{"href":"https:\/\/cdnoticias.com\/index.php\/wp-json\/wp\/v2\/types\/post"}],"author":[{"embeddable":true,"href":"https:\/\/cdnoticias.com\/index.php\/wp-json\/wp\/v2\/users\/4"}],"replies":[{"embeddable":true,"href":"https:\/\/cdnoticias.com\/index.php\/wp-json\/wp\/v2\/comments?post=1657"}],"version-history":[{"count":0,"href":"https:\/\/cdnoticias.com\/index.php\/wp-json\/wp\/v2\/posts\/1657\/revisions"}],"wp:featuredmedia":[{"embeddable":true,"href":"https:\/\/cdnoticias.com\/index.php\/wp-json\/wp\/v2\/media\/1663"}],"wp:attachment":[{"href":"https:\/\/cdnoticias.com\/index.php\/wp-json\/wp\/v2\/media?parent=1657"}],"wp:term":[{"taxonomy":"category","embeddable":true,"href":"https:\/\/cdnoticias.com\/index.php\/wp-json\/wp\/v2\/categories?post=1657"},{"taxonomy":"post_tag","embeddable":true,"href":"https:\/\/cdnoticias.com\/index.php\/wp-json\/wp\/v2\/tags?post=1657"}],"curies":[{"name":"wp","href":"https:\/\/api.w.org\/{rel}","templated":true}]}}