{"id":165689,"date":"2025-03-05T17:33:31","date_gmt":"2025-03-05T20:33:31","guid":{"rendered":"https:\/\/cdnoticias.com\/?p=165689"},"modified":"2025-03-05T17:33:35","modified_gmt":"2025-03-05T20:33:35","slug":"la-biblioteca-popular-armando-collinet-retomo-sus-actividades","status":"publish","type":"post","link":"https:\/\/cdnoticias.com\/index.php\/2025\/03\/05\/la-biblioteca-popular-armando-collinet-retomo-sus-actividades\/","title":{"rendered":"La Biblioteca Popular Armando Collinet retom\u00f3 sus actividades\u00a0"},"content":{"rendered":"\n<p>La instituci\u00f3n ofrece diversas propuestas y servicios de lunes a viernes de 9 a 12 y de 14 a 18 horas en Alsina 2659.<\/p>\n\n\n\n<hr class=\"wp-block-separator aligncenter has-alpha-channel-opacity\"\/>\n\n\n\n<p>La <strong>Biblioteca Popular Armando Collinet retom\u00f3 sus actividades<\/strong> y atender\u00e1 al p\u00fablico de <strong>lunes a viernes de 9 a 12 y de 14 a 18 horas.\u00a0<\/strong><\/p>\n\n\n\n<p><\/p>\n\n\n\n<p>Desde la instituci\u00f3n indicaron que <strong>se ofrecen libros de varios g\u00e9neros literarios y material de estudio.<\/strong> Asimismo, durante el 2025 <strong>se brindar\u00e1n talleres y seminarios destinados al p\u00fablico en general<\/strong>.\u00a0<\/p>\n\n\n\n<p><\/p>\n\n\n\n<blockquote class=\"wp-block-quote is-layout-flow wp-block-quote-is-layout-flow\">\n<p>Cabe destacar que la biblioteca cuenta con espacio de estudio y lectura y se pueden realizar visitas guiadas.\u00a0En este sentido, se requiere de previa organizaci\u00f3n y coordinaci\u00f3n. Por otro lado, tambi\u00e9n ofrece servicio de fotocopiado, anillado y plastificado.\u00a0<\/p>\n<\/blockquote>\n\n\n\n<p><\/p>\n\n\n\n<p>Para m\u00e1s informaci\u00f3n acerca de las actividades y propuestas de la Biblioteca Popular Armando Collinet, acercarse a<strong> Alsina 2659 de lunes a viernes de 9 a 12 o de 14 a 18 horas.\u00a0<\/strong><\/p>\n\n\n\n<p><\/p>\n\n\n\n<p>Tambi\u00e9n podr\u00e1n comunicarse a trav\u00e9s de los<strong> siguientes medios<\/strong>: WhatsApp: 2284 545589; Facebook: Biblioteca Popular Armando Collinet; Instagram: biblioarmandocollinet; Correo electr\u00f3nico: biblioarmandocollinet@hotmail.com.<\/p>\n\n\n\n<p><\/p>\n","protected":false},"excerpt":{"rendered":"<p>La instituci\u00f3n ofrece diversas propuestas y servicios de lunes a viernes de 9 a 12 y de 14 a 18<\/p>\n","protected":false},"author":6,"featured_media":115700,"comment_status":"closed","ping_status":"closed","sticky":false,"template":"","format":"standard","meta":{"_jetpack_memberships_contains_paid_content":false,"footnotes":""},"categories":[9,1],"tags":[],"class_list":["post-165689","post","type-post","status-publish","format-standard","has-post-thumbnail","hentry","category-cultura","category-portada"],"jetpack_featured_media_url":"https:\/\/i0.wp.com\/cdnoticias.com\/wp-content\/uploads\/2024\/05\/Biblioteca-Popular-Armando-Collinet.jpeg?fit=800%2C450&ssl=1","jetpack_sharing_enabled":true,"_links":{"self":[{"href":"https:\/\/cdnoticias.com\/index.php\/wp-json\/wp\/v2\/posts\/165689","targetHints":{"allow":["GET"]}}],"collection":[{"href":"https:\/\/cdnoticias.com\/index.php\/wp-json\/wp\/v2\/posts"}],"about":[{"href":"https:\/\/cdnoticias.com\/index.php\/wp-json\/wp\/v2\/types\/post"}],"author":[{"embeddable":true,"href":"https:\/\/cdnoticias.com\/index.php\/wp-json\/wp\/v2\/users\/6"}],"replies":[{"embeddable":true,"href":"https:\/\/cdnoticias.com\/index.php\/wp-json\/wp\/v2\/comments?post=165689"}],"version-history":[{"count":0,"href":"https:\/\/cdnoticias.com\/index.php\/wp-json\/wp\/v2\/posts\/165689\/revisions"}],"wp:featuredmedia":[{"embeddable":true,"href":"https:\/\/cdnoticias.com\/index.php\/wp-json\/wp\/v2\/media\/115700"}],"wp:attachment":[{"href":"https:\/\/cdnoticias.com\/index.php\/wp-json\/wp\/v2\/media?parent=165689"}],"wp:term":[{"taxonomy":"category","embeddable":true,"href":"https:\/\/cdnoticias.com\/index.php\/wp-json\/wp\/v2\/categories?post=165689"},{"taxonomy":"post_tag","embeddable":true,"href":"https:\/\/cdnoticias.com\/index.php\/wp-json\/wp\/v2\/tags?post=165689"}],"curies":[{"name":"wp","href":"https:\/\/api.w.org\/{rel}","templated":true}]}}