{"id":165686,"date":"2025-03-05T16:39:57","date_gmt":"2025-03-05T19:39:57","guid":{"rendered":"https:\/\/cdnoticias.com\/?p=165686"},"modified":"2025-03-05T18:53:19","modified_gmt":"2025-03-05T21:53:19","slug":"renovaron-el-alerta-a-corto-plazo-para-olavarria","status":"publish","type":"post","link":"https:\/\/cdnoticias.com\/index.php\/2025\/03\/05\/renovaron-el-alerta-a-corto-plazo-para-olavarria\/","title":{"rendered":"Renovaron el alerta a corto plazo para Olavarr\u00eda"},"content":{"rendered":"\n<div class=\"wp-block-columns is-layout-flex wp-container-core-columns-is-layout-28f84493 wp-block-columns-is-layout-flex\">\n<div class=\"wp-block-column is-layout-flow wp-block-column-is-layout-flow\" style=\"flex-basis:100%\"><\/div>\n<\/div>\n\n\n\n<p>Ser\u00e1 por tormentas fuertes con lluvias intensas y ocasional ca\u00edda de granizo.<\/p>\n\n\n\n<hr class=\"wp-block-separator aligncenter has-alpha-channel-opacity\"\/>\n\n\n\n<p>Por la pr\u00f3xima hora, <strong>el Servicio Meteorol\u00f3gico renov\u00f3 otra vez un alerta a muy corto plazo<\/strong> por<strong> tormentas fuertes.<\/strong><\/p>\n\n\n\n<p><\/p>\n\n\n\n<blockquote class=\"wp-block-quote is-layout-flow wp-block-quote-is-layout-flow\">\n<p>Seg\u00fan precis\u00f3 el Municipio que se mantiene en contacto con el Servicio Meteorol\u00f3gico Nacional, el alerta afecta parcialmente tanto al partido de Azul como el de Olavarr\u00eda.<\/p>\n<\/blockquote>\n\n\n\n<p><\/p>\n\n\n\n<p>Se trata de <strong>\u201ctormentas fuertes con lluvias intensas y ocasional ca\u00edda de granizo\u201d.<\/strong><\/p>\n\n\n\n<p><\/p>\n\n\n\n<p>La validez es de una hora \u201c<strong>posterior a la emisi\u00f3n\u201d<\/strong> del parte que se emiti\u00f3 a las 16:30 horas.<\/p>\n\n\n\n<p><\/p>\n","protected":false},"excerpt":{"rendered":"<p>Ser\u00e1 por tormentas fuertes con lluvias intensas y ocasional ca\u00edda de granizo. Por la pr\u00f3xima hora, el Servicio Meteorol\u00f3gico renov\u00f3<\/p>\n","protected":false},"author":6,"featured_media":165687,"comment_status":"closed","ping_status":"closed","sticky":false,"template":"","format":"standard","meta":{"_jetpack_memberships_contains_paid_content":false,"footnotes":""},"categories":[5],"tags":[],"class_list":["post-165686","post","type-post","status-publish","format-standard","has-post-thumbnail","hentry","category-informacion-general"],"jetpack_featured_media_url":"https:\/\/i0.wp.com\/cdnoticias.com\/wp-content\/uploads\/2025\/03\/tormentas-5-marzo.jpeg?fit=627%2C479&ssl=1","jetpack_sharing_enabled":true,"_links":{"self":[{"href":"https:\/\/cdnoticias.com\/index.php\/wp-json\/wp\/v2\/posts\/165686","targetHints":{"allow":["GET"]}}],"collection":[{"href":"https:\/\/cdnoticias.com\/index.php\/wp-json\/wp\/v2\/posts"}],"about":[{"href":"https:\/\/cdnoticias.com\/index.php\/wp-json\/wp\/v2\/types\/post"}],"author":[{"embeddable":true,"href":"https:\/\/cdnoticias.com\/index.php\/wp-json\/wp\/v2\/users\/6"}],"replies":[{"embeddable":true,"href":"https:\/\/cdnoticias.com\/index.php\/wp-json\/wp\/v2\/comments?post=165686"}],"version-history":[{"count":0,"href":"https:\/\/cdnoticias.com\/index.php\/wp-json\/wp\/v2\/posts\/165686\/revisions"}],"wp:featuredmedia":[{"embeddable":true,"href":"https:\/\/cdnoticias.com\/index.php\/wp-json\/wp\/v2\/media\/165687"}],"wp:attachment":[{"href":"https:\/\/cdnoticias.com\/index.php\/wp-json\/wp\/v2\/media?parent=165686"}],"wp:term":[{"taxonomy":"category","embeddable":true,"href":"https:\/\/cdnoticias.com\/index.php\/wp-json\/wp\/v2\/categories?post=165686"},{"taxonomy":"post_tag","embeddable":true,"href":"https:\/\/cdnoticias.com\/index.php\/wp-json\/wp\/v2\/tags?post=165686"}],"curies":[{"name":"wp","href":"https:\/\/api.w.org\/{rel}","templated":true}]}}