{"id":165678,"date":"2025-03-05T14:30:39","date_gmt":"2025-03-05T17:30:39","guid":{"rendered":"https:\/\/cdnoticias.com\/?p=165678"},"modified":"2025-03-05T17:51:37","modified_gmt":"2025-03-05T20:51:37","slug":"mas-de-32-milimetros-caidos-en-una-hora-y-varios-puntos-de-olavarria-anegados","status":"publish","type":"post","link":"https:\/\/cdnoticias.com\/index.php\/2025\/03\/05\/mas-de-32-milimetros-caidos-en-una-hora-y-varios-puntos-de-olavarria-anegados\/","title":{"rendered":"M\u00e1s de 32 mil\u00edmetros ca\u00eddos en una hora y varios puntos de Olavarr\u00eda, anegados"},"content":{"rendered":"<p>Tras el aviso meteorol\u00f3gico a corto plazo, la lluvia ca\u00edda suma 65 mil\u00edmetros en dos jornadas. El Municipio trabaja en la prevenci\u00f3n del tr\u00e1nsito y corte de calles.<!--more--><\/p>\n<hr \/>\n<p>Tras el <a href=\"https:\/\/cdnoticias.com\/index.php\/2025\/03\/05\/alerta-a-corto-plazo-por-tormentas-fuertes-en-olavarria\/\" target=\"_blank\" rel=\"noopener\">aviso meteorol\u00f3gico a corto plazo<\/a> emitido por el Servicio Meteorol\u00f3gico Nacional, <strong>la lluvia y la tormenta se hicieron sentir en Olavarr\u00eda<\/strong> con la inmediata consecuencia de numerosas calles anegadas.<\/p>\n<p>Desde el<strong> Municipio<\/strong> se inform\u00f3 que ya se trabaja en tareas de <strong>prevenci\u00f3n y se recomend\u00f3 no circular<\/strong>.<\/p>\n<p>\u00a0<\/p>\n<p><img data-recalc-dims=\"1\" loading=\"lazy\" decoding=\"async\" class=\"aligncenter size-full wp-image-165682\" src=\"https:\/\/i0.wp.com\/cdnoticias.com\/wp-content\/uploads\/2025\/03\/lluvia-temporal-tormenta-marzo-02png.png?resize=800%2C445&#038;ssl=1\" alt=\"\" width=\"800\" height=\"445\" srcset=\"https:\/\/i0.wp.com\/cdnoticias.com\/wp-content\/uploads\/2025\/03\/lluvia-temporal-tormenta-marzo-02png.png?w=800&amp;ssl=1 800w, https:\/\/i0.wp.com\/cdnoticias.com\/wp-content\/uploads\/2025\/03\/lluvia-temporal-tormenta-marzo-02png.png?resize=300%2C167&amp;ssl=1 300w, https:\/\/i0.wp.com\/cdnoticias.com\/wp-content\/uploads\/2025\/03\/lluvia-temporal-tormenta-marzo-02png.png?resize=768%2C427&amp;ssl=1 768w\" sizes=\"auto, (max-width: 800px) 100vw, 800px\" \/><\/p>\n<p>\u00a0<\/p>\n<blockquote>\n<p>Se destac\u00f3 que la lluvia ca\u00edda entre las 13 y las 14 de este mi\u00e9rcoles alcanz\u00f3 32,5 mil\u00edmetros. Adem\u00e1s, el registro de lluvia del martes hab\u00eda sido de 32,8 mil\u00edmetros.<\/p>\n<\/blockquote>\n<p>&#8220;Desde el Municipio <strong>ya estamos trabajando en los distintos barrios, cortando el tr\u00e1nsito<\/strong>, el alerta contin\u00faa hasta las 15. Se solicita no circular par<strong>a evitar que el agua entre a las viviendas y por precauci\u00f3n<\/strong>&#8221; se indic\u00f3 desde el Ejecutivo local.<\/p>\n<p><strong>Central de Noticias<\/strong> recibi\u00f3 numerosos videos e im\u00e1genes de calles anegadas en distintos puntos de la ciudad.<\/p>\n\n\n<p><\/p>\n","protected":false},"excerpt":{"rendered":"<p>Tras el aviso meteorol\u00f3gico a corto plazo, la lluvia ca\u00edda suma 65 mil\u00edmetros en dos jornadas. El Municipio trabaja en<\/p>\n","protected":false},"author":4,"featured_media":165683,"comment_status":"closed","ping_status":"closed","sticky":false,"template":"","format":"standard","meta":{"_jetpack_memberships_contains_paid_content":false,"footnotes":""},"categories":[5,1],"tags":[],"class_list":["post-165678","post","type-post","status-publish","format-standard","has-post-thumbnail","hentry","category-informacion-general","category-portada"],"jetpack_featured_media_url":"https:\/\/i0.wp.com\/cdnoticias.com\/wp-content\/uploads\/2025\/03\/lluvia-temporal-tormenta-marzo-01.png?fit=800%2C445&ssl=1","jetpack_sharing_enabled":true,"_links":{"self":[{"href":"https:\/\/cdnoticias.com\/index.php\/wp-json\/wp\/v2\/posts\/165678","targetHints":{"allow":["GET"]}}],"collection":[{"href":"https:\/\/cdnoticias.com\/index.php\/wp-json\/wp\/v2\/posts"}],"about":[{"href":"https:\/\/cdnoticias.com\/index.php\/wp-json\/wp\/v2\/types\/post"}],"author":[{"embeddable":true,"href":"https:\/\/cdnoticias.com\/index.php\/wp-json\/wp\/v2\/users\/4"}],"replies":[{"embeddable":true,"href":"https:\/\/cdnoticias.com\/index.php\/wp-json\/wp\/v2\/comments?post=165678"}],"version-history":[{"count":0,"href":"https:\/\/cdnoticias.com\/index.php\/wp-json\/wp\/v2\/posts\/165678\/revisions"}],"wp:featuredmedia":[{"embeddable":true,"href":"https:\/\/cdnoticias.com\/index.php\/wp-json\/wp\/v2\/media\/165683"}],"wp:attachment":[{"href":"https:\/\/cdnoticias.com\/index.php\/wp-json\/wp\/v2\/media?parent=165678"}],"wp:term":[{"taxonomy":"category","embeddable":true,"href":"https:\/\/cdnoticias.com\/index.php\/wp-json\/wp\/v2\/categories?post=165678"},{"taxonomy":"post_tag","embeddable":true,"href":"https:\/\/cdnoticias.com\/index.php\/wp-json\/wp\/v2\/tags?post=165678"}],"curies":[{"name":"wp","href":"https:\/\/api.w.org\/{rel}","templated":true}]}}