{"id":165664,"date":"2025-03-05T17:02:22","date_gmt":"2025-03-05T20:02:22","guid":{"rendered":"https:\/\/cdnoticias.com\/?p=165664"},"modified":"2025-03-05T17:02:26","modified_gmt":"2025-03-05T20:02:26","slug":"cortes-de-calle-confirmados-para-la-ultima-correcaminata-nocturna","status":"publish","type":"post","link":"https:\/\/cdnoticias.com\/index.php\/2025\/03\/05\/cortes-de-calle-confirmados-para-la-ultima-correcaminata-nocturna\/","title":{"rendered":"Cortes de calle confirmados para la \u00faltima Correcaminata Nocturna"},"content":{"rendered":"\n<p>Ser\u00e1 este jueves 6 de marzo en la zona cercana al Centro Cultural Municipal San Jos\u00e9.<\/p>\n\n\n\n<hr class=\"wp-block-separator has-alpha-channel-opacity\"\/>\n\n\n\n<p>El Municipio de Olavarr\u00eda record\u00f3 que este jueves 6 de marzo se llevar\u00e1 a cabo una nueva Correcaminata Nocturna, que ser\u00e1 la 4\u00b0 y \u00faltima de la temporada 2024\/2025. Para su realizaci\u00f3n el tr\u00e1nsito ser\u00e1 interrumpido en la zona delimitada para el circuito.<\/p>\n\n\n\n<p><\/p>\n\n\n\n<p><strong>Desde las 18 horas <\/strong>la zona cercana al Centro Cultural Municipal San Jos\u00e9, que comprende las calles <strong>Cerrito, Dorrego, San Mart\u00edn, estar\u00e1 interrumpida para la circulaci\u00f3n por el armado de escenario.<\/strong><\/p>\n\n\n\n<p><\/p>\n\n\n\n<p><strong>El resto de cortes ser\u00e1n efectivos a partir de las 20 horas<\/strong> afectando a las siguientes zonas:<\/p>\n\n\n\n<p><\/p>\n\n\n\n<p>\u2013 Calle Lavalle con intersecciones en: \u00c1lvaro Barros, Necochea, Belgrano, Gral. Paz, Hornos y V\u00e9lez Sarsfield.<\/p>\n\n\n\n<p><\/p>\n\n\n\n<p>\u2013 Av. Del Valle y Brown.<\/p>\n\n\n\n<p><\/p>\n\n\n\n<p>\u2013 Maip\u00fa y Bol\u00edvar.<\/p>\n\n\n\n<p><\/p>\n\n\n\n<p>\u2013 Riobamba con intersecciones en: Hornos y Cnel. Su\u00e1rez.<\/p>\n\n\n\n<p><\/p>\n\n\n\n<p>\u2013 Cerrito con intersecciones en: San Mart\u00edn, Dorrego, Sgto. Cabral.<\/p>\n\n\n\n<p><\/p>\n\n\n\n<p>\u2013 Av. Col\u00f3n y Brown.<\/p>\n\n\n\n<p><\/p>\n\n\n\n<p>La invitaci\u00f3n es <strong>abierta a toda la comunidad a partir de las 19 horas, <\/strong>iniciando con diversas actividades, mientras que<strong> a las 21 horas ser\u00e1 la largada de la Correcaminata Nocturna de 3 kil\u00f3metros <\/strong>que se extender\u00e1 por el Parque Mitre, con punto de salida y llegada en el Centro Cultural Municipal San Jos\u00e9.<\/p>\n\n\n\n<p><\/p>\n\n\n\n<p>Si bien la entrada es libre y gratuita, las personas interesadas en participar deber\u00e1n anotarse previamente mediante el formulario online al que se accede haciendo <a href=\"https:\/\/docs.google.com\/forms\/d\/e\/1FAIpQLSe4dQVTB8jJZxGZSuEgQKHk_DfpuG_gFRaeZdmzssxZofDuMg\/viewform\" data-type=\"link\" data-id=\"https:\/\/docs.google.com\/forms\/d\/e\/1FAIpQLSe4dQVTB8jJZxGZSuEgQKHk_DfpuG_gFRaeZdmzssxZofDuMg\/viewform\">click aqu\u00ed.<\/a><\/p>\n","protected":false},"excerpt":{"rendered":"<p>Ser\u00e1 este jueves 6 de marzo en la zona cercana al Centro Cultural Municipal San Jos\u00e9. El Municipio de Olavarr\u00eda<\/p>\n","protected":false},"author":5,"featured_media":152445,"comment_status":"closed","ping_status":"closed","sticky":false,"template":"","format":"standard","meta":{"_jetpack_memberships_contains_paid_content":false,"footnotes":""},"categories":[5,1],"tags":[],"class_list":["post-165664","post","type-post","status-publish","format-standard","has-post-thumbnail","hentry","category-informacion-general","category-portada"],"jetpack_featured_media_url":"https:\/\/i0.wp.com\/cdnoticias.com\/wp-content\/uploads\/2023\/01\/correcaminata-nocturna-5.jpeg?fit=1280%2C853&ssl=1","jetpack_sharing_enabled":true,"_links":{"self":[{"href":"https:\/\/cdnoticias.com\/index.php\/wp-json\/wp\/v2\/posts\/165664","targetHints":{"allow":["GET"]}}],"collection":[{"href":"https:\/\/cdnoticias.com\/index.php\/wp-json\/wp\/v2\/posts"}],"about":[{"href":"https:\/\/cdnoticias.com\/index.php\/wp-json\/wp\/v2\/types\/post"}],"author":[{"embeddable":true,"href":"https:\/\/cdnoticias.com\/index.php\/wp-json\/wp\/v2\/users\/5"}],"replies":[{"embeddable":true,"href":"https:\/\/cdnoticias.com\/index.php\/wp-json\/wp\/v2\/comments?post=165664"}],"version-history":[{"count":0,"href":"https:\/\/cdnoticias.com\/index.php\/wp-json\/wp\/v2\/posts\/165664\/revisions"}],"wp:featuredmedia":[{"embeddable":true,"href":"https:\/\/cdnoticias.com\/index.php\/wp-json\/wp\/v2\/media\/152445"}],"wp:attachment":[{"href":"https:\/\/cdnoticias.com\/index.php\/wp-json\/wp\/v2\/media?parent=165664"}],"wp:term":[{"taxonomy":"category","embeddable":true,"href":"https:\/\/cdnoticias.com\/index.php\/wp-json\/wp\/v2\/categories?post=165664"},{"taxonomy":"post_tag","embeddable":true,"href":"https:\/\/cdnoticias.com\/index.php\/wp-json\/wp\/v2\/tags?post=165664"}],"curies":[{"name":"wp","href":"https:\/\/api.w.org\/{rel}","templated":true}]}}